{"id":21915,"date":"2020-03-14T00:11:38","date_gmt":"2020-03-14T03:11:38","guid":{"rendered":"https:\/\/www.radioamigavallenar.cl\/?p=21915"},"modified":"2020-03-14T00:11:39","modified_gmt":"2020-03-14T03:11:39","slug":"entregan-200-millones-en-equipamiento-tecnico-profesional-a-escuela-fronteriza-de-los-loros","status":"publish","type":"post","link":"https:\/\/www.radioamigavallenar.cl\/?p=21915","title":{"rendered":"Entregan $200 millones en equipamiento T\u00e9cnico Profesional a Escuela Fronteriza de Los Loros"},"content":{"rendered":"\n<div class=\"wp-block-image\"><figure class=\"aligncenter size-large\"><img loading=\"lazy\" decoding=\"async\" width=\"900\" height=\"675\" src=\"https:\/\/www.radioamigavallenar.cl\/wp-content\/uploads\/2020\/03\/WhatsApp-Image-2020-03-12-at-3.07.14-PM-1-scaled-1.jpeg\" alt=\"\" class=\"wp-image-21916\" srcset=\"https:\/\/www.radioamigavallenar.cl\/wp-content\/uploads\/2020\/03\/WhatsApp-Image-2020-03-12-at-3.07.14-PM-1-scaled-1.jpeg 900w, https:\/\/www.radioamigavallenar.cl\/wp-content\/uploads\/2020\/03\/WhatsApp-Image-2020-03-12-at-3.07.14-PM-1-scaled-1-300x225.jpeg 300w, https:\/\/www.radioamigavallenar.cl\/wp-content\/uploads\/2020\/03\/WhatsApp-Image-2020-03-12-at-3.07.14-PM-1-scaled-1-768x576.jpeg 768w\" sizes=\"auto, (max-width: 900px) 100vw, 900px\" \/><\/figure><\/div>\n\n\n\n<p><strong>En la comuna de Tierra Amarilla<\/strong><\/p>\n\n\n\n<p>Una inversi\u00f3n total de 200 millones de pesos realiz\u00f3 la Secretar\u00eda Ministerial de Educaci\u00f3n en la Escuela Fronteriza Los Loros de Tierra Amarilla, a trav\u00e9s del Plan de Equipamiento de Establecimientos de Ense\u00f1anza Media T\u00e9cnico Profesional versi\u00f3n 4.0 y que tiene por objetivo financiar el equipamiento necesario para mejorar el proceso de ense\u00f1anza y aprendizaje de los estudiantes, en este caso particular, de la especialidad Mec\u00e1nica Industrial de este establecimiento municipal.<\/p>\n\n\n\n<p>&nbsp;En la oportunidad, adem\u00e1s fueron inauguradas las nuevas dependencias para la especialidad, con un costo superior a los 70 millones de pesos, financiados mediante una alianza p\u00fablico-privada entre el municipio de Tierra Amarilla y la empresa minera Caserones.<\/p>\n\n\n\n<p>&nbsp;Seg\u00fan explic\u00f3 la seremi Silvia \u00c1lvarez Matthews, \u201cuno de los compromisos de nuestro Gobierno es con la formaci\u00f3n T\u00e9cnico Profesional, tanto en ense\u00f1anza media como superior,&nbsp; mejorando las competencias de los estudiantes mediante el financiamiento para adquisici\u00f3n de m\u00e1quinas y equipos de vanguardia, de \u00faltima generaci\u00f3n, que contribuyan a aumentar la empleabilidad de los egresados y estrechar la vinculaci\u00f3n entre liceos y sectores industriales.&nbsp; Estos fondos del Ministerio de Educaci\u00f3n han sido destinados exclusivamente a la adquisici\u00f3n, de equipamiento para mejorar el proceso de ense\u00f1anza\/aprendizaje, conforme a los planes y programas vigentes\u201d.<\/p>\n\n\n\n<p>&nbsp;Por su parte, el alcalde Mario Morales agradeci\u00f3 este importante aporte a los estudiantes de su comuna, se\u00f1alando que \u201ctanto el Gobierno como Minera Caserones nos ha permitido concretar este proyecto que va en beneficio de la comunidad escolar. Por eso, hacemos un llamado principalmente a la empresa privada a seguir apoyando el desarrollo educacional, para que nuestros j\u00f3venes adquieran las habilidades y conocimientos necesarios para una vez que egresen de sus carreras t\u00e9cnicos profesionales, puedan acceder a sus pr\u00e1cticas profesionales y futuros empleos en estas empresas locales\u201d.<\/p>\n","protected":false},"excerpt":{"rendered":"<p>En la comuna de Tierra Amarilla Una inversi\u00f3n total de 200 millones de pesos realiz\u00f3 la Secretar\u00eda Ministerial de Educaci\u00f3n en la Escuela Fronteriza Los&hellip; <\/p>\n","protected":false},"author":2,"featured_media":21916,"comment_status":"open","ping_status":"closed","sticky":false,"template":"","format":"standard","meta":{"footnotes":""},"categories":[7],"tags":[],"class_list":["post-21915","post","type-post","status-publish","format-standard","has-post-thumbnail","hentry","category-atacama"],"_links":{"self":[{"href":"https:\/\/www.radioamigavallenar.cl\/index.php?rest_route=\/wp\/v2\/posts\/21915","targetHints":{"allow":["GET"]}}],"collection":[{"href":"https:\/\/www.radioamigavallenar.cl\/index.php?rest_route=\/wp\/v2\/posts"}],"about":[{"href":"https:\/\/www.radioamigavallenar.cl\/index.php?rest_route=\/wp\/v2\/types\/post"}],"author":[{"embeddable":true,"href":"https:\/\/www.radioamigavallenar.cl\/index.php?rest_route=\/wp\/v2\/users\/2"}],"replies":[{"embeddable":true,"href":"https:\/\/www.radioamigavallenar.cl\/index.php?rest_route=%2Fwp%2Fv2%2Fcomments&post=21915"}],"version-history":[{"count":0,"href":"https:\/\/www.radioamigavallenar.cl\/index.php?rest_route=\/wp\/v2\/posts\/21915\/revisions"}],"wp:featuredmedia":[{"embeddable":true,"href":"https:\/\/www.radioamigavallenar.cl\/index.php?rest_route=\/wp\/v2\/media\/21916"}],"wp:attachment":[{"href":"https:\/\/www.radioamigavallenar.cl\/index.php?rest_route=%2Fwp%2Fv2%2Fmedia&parent=21915"}],"wp:term":[{"taxonomy":"category","embeddable":true,"href":"https:\/\/www.radioamigavallenar.cl\/index.php?rest_route=%2Fwp%2Fv2%2Fcategories&post=21915"},{"taxonomy":"post_tag","embeddable":true,"href":"https:\/\/www.radioamigavallenar.cl\/index.php?rest_route=%2Fwp%2Fv2%2Ftags&post=21915"}],"curies":[{"name":"wp","href":"https:\/\/api.w.org\/{rel}","templated":true}]}}