{"id":21884,"date":"2020-03-13T00:01:00","date_gmt":"2020-03-13T03:01:00","guid":{"rendered":"https:\/\/www.radioamigavallenar.cl\/?p=21884"},"modified":"2020-03-12T23:27:21","modified_gmt":"2020-03-13T02:27:21","slug":"en-vallenar-se-realiza-la-primera-conferencia-de-directores-y-directoras-2020-del-slep-huasco","status":"publish","type":"post","link":"https:\/\/www.radioamigavallenar.cl\/?p=21884","title":{"rendered":"En Vallenar se realiza la Primera Conferencia de Directores y Directoras 2020 del SLEP Huasco"},"content":{"rendered":"\n<div class=\"wp-block-image\"><figure class=\"aligncenter size-large\"><img loading=\"lazy\" decoding=\"async\" width=\"750\" height=\"400\" src=\"https:\/\/www.radioamigavallenar.cl\/wp-content\/uploads\/2020\/03\/Primera-Conferencia-de-Directores-y-Directoras-2020-2.jpg\" alt=\"\" class=\"wp-image-21885\" srcset=\"https:\/\/www.radioamigavallenar.cl\/wp-content\/uploads\/2020\/03\/Primera-Conferencia-de-Directores-y-Directoras-2020-2.jpg 750w, https:\/\/www.radioamigavallenar.cl\/wp-content\/uploads\/2020\/03\/Primera-Conferencia-de-Directores-y-Directoras-2020-2-300x160.jpg 300w\" sizes=\"auto, (max-width: 750px) 100vw, 750px\" \/><\/figure><\/div>\n\n\n\n<p><strong>Con gran entusiasmo y compromiso, se dieron cita en Vallenar, directores, directoras y representantes de profesores encargados, para participar de la Primera Conferencia de Directores y Directoras 2020, actividad liderada por el Director Ejecutivo del Servicio Local de Educaci\u00f3n P\u00fablica \u2013SLEP- Huasco, Javier Obanos Sandoval.<\/strong><\/p>\n\n\n\n<p>\u201cEstamos muy contentos con lo que fue esta primera conferencia de directores 2020, con una gran convocatoria y que ten\u00eda como principal prop\u00f3sito, el poder reflexionar y hacer un an\u00e1lisis respecto a lo que fue el avance del a\u00f1o 2019 en materia de gesti\u00f3n pedag\u00f3gica y tambi\u00e9n entregar los lineamientos y directrices para este a\u00f1o 2020 en distintas materias, principalmente en el acompa\u00f1amiento que debemos hacer en nuestros establecimientos educacionales\u201d, asever\u00f3 el Director Ejecutivo, Javier Obanos.<\/p>\n\n\n\n<p>La m\u00e1xima autoridad educacional del territorio adem\u00e1s agreg\u00f3 que, \u201cla verdad que estamos contentos porque creo que fue tremendamente productiva, focalizamos la mirada en aspectos importantes como, por ejemplo, fortalecer la asistencia escolar, el acompa\u00f1amiento, el monitoreo externo de los aprendizajes y la convivencia escolar, entre otros puntos\u201d.<\/p>\n\n\n\n<p class=\"has-text-align-center\"><strong>ACTIVIDAD<\/strong><\/p>\n\n\n\n<p>La Conferencia de Directores y Directoras, es una actividad participativa enmarcada en la Ley 21.040 junto a otras tem\u00e1ticas que son atingentes al avance paulatino en la mejora de los resultados acad\u00e9micos y de la gesti\u00f3n escolar.<\/p>\n\n\n\n<p>Presentaci\u00f3n del Plan Estrat\u00e9gico Local a 6 a\u00f1os; Plan Anual 2020, logros 2019, desaf\u00edos 2020 y Acciones de Apoyo a los Establecimientos Educacionales, fueron parte de esta importante Conferencia de Directores y Directoras 2020.<\/p>\n\n\n\n<p>Olivia Ardiles Villalobos, directora del Jard\u00edn Infantil Pablo Neruda, coment\u00f3 que \u201cfue una jornada muy gratificante, de mucho conocimiento, de mucha informaci\u00f3n, de organizaci\u00f3n para este inicio a\u00f1o escolar 2020, donde hay que hacer harto trabajo, pero con todas las orientaciones que nos entregaron y con el apoyo que vamos a tener esperemos que tengamos una muy buena finalizaci\u00f3n de este a\u00f1o escolar\u201d.<\/p>\n\n\n\n<p>Agregando que, \u201cla segunda etapa, que fue en la tarde con este equipo que se arm\u00f3 con este coaching muy bueno, muy din\u00e1mico, motivacional, donde nos hizo ver el trabajo que tenemos como l\u00edderes y la importancia que tenemos y que somos los encargados de generar un cambio en esta nueva educaci\u00f3n p\u00fablica, que debe ser de calidad e integral\u201d.<\/p>\n\n\n\n<p>La jornada finaliz\u00f3 con un taller que contempl\u00f3 din\u00e1micas grupales y fortalecimiento del liderazgo con un&nbsp;proceso de automotivaci\u00f3n, para as\u00ed lograr una mejor gesti\u00f3n educacional en las 25 escuelas b\u00e1sicas, 22 escuelas rurales, en los 8 liceos y los 8 jardines infantiles que conforman el SLEP Huasco entre las comunas de Alto del Carmen, Vallenar, Freirina y Huasco.<\/p>\n","protected":false},"excerpt":{"rendered":"<p>Con gran entusiasmo y compromiso, se dieron cita en Vallenar, directores, directoras y representantes de profesores encargados, para participar de la Primera Conferencia de Directores&hellip; <\/p>\n","protected":false},"author":2,"featured_media":21885,"comment_status":"open","ping_status":"closed","sticky":false,"template":"","format":"standard","meta":{"footnotes":""},"categories":[7,1,2],"tags":[],"class_list":["post-21884","post","type-post","status-publish","format-standard","has-post-thumbnail","hentry","category-atacama","category-provincia-del-huasco-2","category-vallenar"],"_links":{"self":[{"href":"https:\/\/www.radioamigavallenar.cl\/index.php?rest_route=\/wp\/v2\/posts\/21884","targetHints":{"allow":["GET"]}}],"collection":[{"href":"https:\/\/www.radioamigavallenar.cl\/index.php?rest_route=\/wp\/v2\/posts"}],"about":[{"href":"https:\/\/www.radioamigavallenar.cl\/index.php?rest_route=\/wp\/v2\/types\/post"}],"author":[{"embeddable":true,"href":"https:\/\/www.radioamigavallenar.cl\/index.php?rest_route=\/wp\/v2\/users\/2"}],"replies":[{"embeddable":true,"href":"https:\/\/www.radioamigavallenar.cl\/index.php?rest_route=%2Fwp%2Fv2%2Fcomments&post=21884"}],"version-history":[{"count":0,"href":"https:\/\/www.radioamigavallenar.cl\/index.php?rest_route=\/wp\/v2\/posts\/21884\/revisions"}],"wp:featuredmedia":[{"embeddable":true,"href":"https:\/\/www.radioamigavallenar.cl\/index.php?rest_route=\/wp\/v2\/media\/21885"}],"wp:attachment":[{"href":"https:\/\/www.radioamigavallenar.cl\/index.php?rest_route=%2Fwp%2Fv2%2Fmedia&parent=21884"}],"wp:term":[{"taxonomy":"category","embeddable":true,"href":"https:\/\/www.radioamigavallenar.cl\/index.php?rest_route=%2Fwp%2Fv2%2Fcategories&post=21884"},{"taxonomy":"post_tag","embeddable":true,"href":"https:\/\/www.radioamigavallenar.cl\/index.php?rest_route=%2Fwp%2Fv2%2Ftags&post=21884"}],"curies":[{"name":"wp","href":"https:\/\/api.w.org\/{rel}","templated":true}]}}