{"id":21881,"date":"2020-03-13T00:00:00","date_gmt":"2020-03-13T03:00:00","guid":{"rendered":"https:\/\/www.radioamigavallenar.cl\/?p=21881"},"modified":"2020-03-12T23:25:58","modified_gmt":"2020-03-13T02:25:58","slug":"mas-de-350-mil-mensual-estudio-revela-precio-promedio-de-las-salas-cunas-en-atacama","status":"publish","type":"post","link":"https:\/\/www.radioamigavallenar.cl\/?p=21881","title":{"rendered":"M\u00e1s de $350 mil mensual: estudio revela precio promedio de las salas cunas en Atacama"},"content":{"rendered":"\n<div class=\"wp-block-image\"><figure class=\"aligncenter size-large\"><img loading=\"lazy\" decoding=\"async\" width=\"751\" height=\"401\" src=\"https:\/\/www.radioamigavallenar.cl\/wp-content\/uploads\/2020\/03\/salla-cuna.png\" alt=\"\" class=\"wp-image-21882\" srcset=\"https:\/\/www.radioamigavallenar.cl\/wp-content\/uploads\/2020\/03\/salla-cuna.png 751w, https:\/\/www.radioamigavallenar.cl\/wp-content\/uploads\/2020\/03\/salla-cuna-300x160.png 300w\" sizes=\"auto, (max-width: 751px) 100vw, 751px\" \/><\/figure><\/div>\n\n\n\n<p><strong>Un estudio revel\u00f3 el&nbsp;precio promedio mensual&nbsp;que puede llegar a costar una&nbsp;sala cuna&nbsp;en cada regi\u00f3n del pa\u00eds.<\/strong><\/p>\n\n\n\n<p>La indagaci\u00f3n titulada \u201cEstudio de Precios 2020: \u00bfCu\u00e1nto valen las Salas Cunas en Chile?\u201d, realizado por Edenred, descubri\u00f3 tambi\u00e9n que el valor de la mensualidad de dichas instituciones aument\u00f3 un 5% a nivel nacional con respecto a 2019, llegando a promediar\u00a0$349.235.<\/p>\n\n\n\n<p>La medici\u00f3n, difundida a trav\u00e9s de un comunicado, analiz\u00f3 las matr\u00edculas y mensualidades de 636 salas cuna con autorizaci\u00f3n de funcionamiento o reconocidas por el Estado de un total de 1054 establecimientos.<\/p>\n\n\n\n<p>Seg\u00fan Cecilia Mayo, directora de marketing de Edenred, \u201clos precios tienen una variaci\u00f3n relacionada con la oferta y demanda de la regi\u00f3n en la cual se encuentran. Hay diferentes aspectos a los que podemos apuntar al momento de analizar este fen\u00f3meno: la tasa demogr\u00e1fica, el n\u00famero de profesionales de la educaci\u00f3n en cada regi\u00f3n, entre otros\u201d.<\/p>\n\n\n\n<h2 class=\"has-text-align-center wp-block-heading\">Los precios m\u00e1s altos<\/h2>\n\n\n\n<p>En cuanto a las regiones con mensualidades m\u00e1s altas en salas cuna, el ranking es liderado por la\u00a0regi\u00f3n de Antofagasta, con un valor promedio de\u00a0$409.000.<\/p>\n\n\n\n<p>Le sigue la\u00a0regi\u00f3n de Tarapac\u00e1\u00a0con una mensualidad de\u00a0$373.800, la cual es a su vez precedida por las\u00a0regiones Metropolitana y de La Araucan\u00eda, con un promedio mensual de\u00a0$372.537\u00a0y\u00a0$371.850, respectivamente.<\/p>\n\n\n\n<h2 class=\"has-text-align-center wp-block-heading\">Un poco m\u00e1s bajo<\/h2>\n\n\n\n<p>Los territorios con mensualidades m\u00e1s bajas, por otro lado, son liderados por la\u00a0regi\u00f3n del B\u00edo B\u00edo, con una mensualidad promedio de\u00a0$310.707.<\/p>\n\n\n\n<p><strong>Valpara\u00edso<\/strong>, seg\u00fan consign\u00f3 el estudio, ser\u00eda la segunda regi\u00f3n con mensualidades m\u00e1s baratas, promediando un valor de\u00a0$316.057. Le siguen las regiones de\u00a0\u00d1uble y Magallanes\u00a0cuyos precios promedios son de\u00a0<strong>$319.375 y $319.385<\/strong>, respectivamente.<\/p>\n\n\n\n<p>El aumento de un 5% en las mensualidades de las salas cuna es similar al que se dio en 2019 con respecto a 2018, el cual fue de un 5,84%.<\/p>\n\n\n\n<div class=\"wp-block-image\"><figure class=\"aligncenter is-resized\"><img loading=\"lazy\" decoding=\"async\" src=\"https:\/\/media.biobiochile.cl\/wp-content\/uploads\/2020\/03\/captura-realizada-el-2020-03-12-14-34-35.jpeg\" alt=\"captura-realizada-el-2020-03-12-14-34-35\" class=\"wp-image-4484333\" width=\"580\" height=\"453\"\/><\/figure><\/div>\n\n\n\n<h2 class=\"has-text-align-center wp-block-heading\">Regi\u00f3n Metropolitana<\/h2>\n\n\n\n<p>Dentro de la&nbsp;<strong>regi\u00f3n Metropolitana<\/strong>&nbsp;existe una gran diferencia entre los valores de las salas cunas dependiendo de las comunas en las cuales se sit\u00faan.<\/p>\n\n\n\n<p>Seg\u00fan el estudio de Edenred, las mensualidades m\u00e1s caras se encuentran en las comunas de\u00a0Lo Barnechea, Las Condes y Vitacura, cuyos costos son de $430.500, $430.279 y $411.824, respectivamente.<\/p>\n\n\n\n<p>Por \u00faltimo, en el otro extremo se encuentran las comunas de\u00a0Pedro Aguirre Cerda, Melipilla y Buin, con mensualidades promedio de\u00a0$280.000, $300.000 y $302.000.<\/p>\n\n\n\n<div class=\"wp-block-image\"><figure class=\"aligncenter\"><img decoding=\"async\" src=\"https:\/\/media.biobiochile.cl\/wp-content\/uploads\/2020\/03\/captura-realizada-el-2020-03-12-14-35-49-769x768.jpeg\" alt=\"captura-realizada-el-2020-03-12-14-35-49\" class=\"wp-image-4484337\"\/><\/figure><\/div>\n","protected":false},"excerpt":{"rendered":"<p>Un estudio revel\u00f3 el&nbsp;precio promedio mensual&nbsp;que puede llegar a costar una&nbsp;sala cuna&nbsp;en cada regi\u00f3n del pa\u00eds. La indagaci\u00f3n titulada \u201cEstudio de Precios 2020: \u00bfCu\u00e1nto valen&hellip; <\/p>\n","protected":false},"author":2,"featured_media":21882,"comment_status":"open","ping_status":"closed","sticky":false,"template":"","format":"standard","meta":{"footnotes":""},"categories":[7,37],"tags":[],"class_list":["post-21881","post","type-post","status-publish","format-standard","has-post-thumbnail","hentry","category-atacama","category-nacional"],"_links":{"self":[{"href":"https:\/\/www.radioamigavallenar.cl\/index.php?rest_route=\/wp\/v2\/posts\/21881","targetHints":{"allow":["GET"]}}],"collection":[{"href":"https:\/\/www.radioamigavallenar.cl\/index.php?rest_route=\/wp\/v2\/posts"}],"about":[{"href":"https:\/\/www.radioamigavallenar.cl\/index.php?rest_route=\/wp\/v2\/types\/post"}],"author":[{"embeddable":true,"href":"https:\/\/www.radioamigavallenar.cl\/index.php?rest_route=\/wp\/v2\/users\/2"}],"replies":[{"embeddable":true,"href":"https:\/\/www.radioamigavallenar.cl\/index.php?rest_route=%2Fwp%2Fv2%2Fcomments&post=21881"}],"version-history":[{"count":0,"href":"https:\/\/www.radioamigavallenar.cl\/index.php?rest_route=\/wp\/v2\/posts\/21881\/revisions"}],"wp:featuredmedia":[{"embeddable":true,"href":"https:\/\/www.radioamigavallenar.cl\/index.php?rest_route=\/wp\/v2\/media\/21882"}],"wp:attachment":[{"href":"https:\/\/www.radioamigavallenar.cl\/index.php?rest_route=%2Fwp%2Fv2%2Fmedia&parent=21881"}],"wp:term":[{"taxonomy":"category","embeddable":true,"href":"https:\/\/www.radioamigavallenar.cl\/index.php?rest_route=%2Fwp%2Fv2%2Fcategories&post=21881"},{"taxonomy":"post_tag","embeddable":true,"href":"https:\/\/www.radioamigavallenar.cl\/index.php?rest_route=%2Fwp%2Fv2%2Ftags&post=21881"}],"curies":[{"name":"wp","href":"https:\/\/api.w.org\/{rel}","templated":true}]}}