{"id":21855,"date":"2020-03-12T09:07:01","date_gmt":"2020-03-12T12:07:01","guid":{"rendered":"https:\/\/www.radioamigavallenar.cl\/?p=21855"},"modified":"2020-03-12T09:07:03","modified_gmt":"2020-03-12T12:07:03","slug":"partido-regionalista-pide-adelantar-elecciones-de-presidente-y-parlamento","status":"publish","type":"post","link":"https:\/\/www.radioamigavallenar.cl\/?p=21855","title":{"rendered":"Partido regionalista pide adelantar elecciones de Presidente y Parlamento"},"content":{"rendered":"\n<div class=\"wp-block-image\"><figure class=\"aligncenter size-large\"><img loading=\"lazy\" decoding=\"async\" width=\"900\" height=\"675\" src=\"https:\/\/www.radioamigavallenar.cl\/wp-content\/uploads\/2020\/03\/WhatsApp-Image-2020-03-11-at-11.43.16-scaled-1.jpeg\" alt=\"\" class=\"wp-image-21856\" srcset=\"https:\/\/www.radioamigavallenar.cl\/wp-content\/uploads\/2020\/03\/WhatsApp-Image-2020-03-11-at-11.43.16-scaled-1.jpeg 900w, https:\/\/www.radioamigavallenar.cl\/wp-content\/uploads\/2020\/03\/WhatsApp-Image-2020-03-11-at-11.43.16-scaled-1-300x225.jpeg 300w, https:\/\/www.radioamigavallenar.cl\/wp-content\/uploads\/2020\/03\/WhatsApp-Image-2020-03-11-at-11.43.16-scaled-1-768x576.jpeg 768w\" sizes=\"auto, (max-width: 900px) 100vw, 900px\" \/><\/figure><\/div>\n\n\n\n<p>Para&nbsp;\u201cDiscutir las v\u00edas pol\u00edticas y constitucionales que permitan convocar anticipadamente a la ciudadan\u00eda a elecciones del cargo de Presidente de la Rep\u00fablica, y de la totalidad de diputados y senadores, adoptando medidas espec\u00edficas que concreten esta iniciativa\u201d, los diputados de la Bancada Regionalista, &nbsp;Jaime Mulet (FREVS), Alejandra Sep\u00falveda (FREVS), Esteban Vel\u00e1squez (FREVS) y Ren\u00e9 Alinco (IND), solicitaron al presidente de la C\u00e1mara de Diputados citar a una sesi\u00f3n especial.<\/p>\n\n\n\n<p>Lo anterior, seg\u00fan explica el documento de la solicitud que requiere de 52 firmas para concretarse, \u201cse funda en la grave crisis pol\u00edtica y social que atraviesa nuestro pa\u00eds, la cual no ha podido resolver ni el presente Gobierno, ni el Congreso Nacional, lo que exige renovar la totalidad de las autoridades pol\u00edticas de elecci\u00f3n democr\u00e1tica de los m\u00e1s altos poderes del Estado\u201d.<\/p>\n\n\n\n<p>Al respecto,&nbsp;el diputado y presidente de la Federaci\u00f3n Regionalista Verde Social, Jaime Mulet, se\u00f1al\u00f3 &nbsp;\u201chemos propuesto convocar a esta sesi\u00f3n especial, ojal\u00e1 para el pr\u00f3ximo d\u00eda 18 de marzo o el d\u00eda que fije la C\u00e1mara, con el objeto que se discuta all\u00ed, con todos los partidos pol\u00edticos, de Gobierno y de Oposici\u00f3n, la posibilidad real de ponerle t\u00e9rmino a esta crisis mediante un adelantamiento de las elecciones presidenciales y de las elecciones parlamentarias de diputados y senadores, de tal forma que, dada la situaci\u00f3n grave en la que se encuentra el pa\u00eds, dado que el Gobierno no entiende y no ha sabido manejar esta crisis, logremos que la soberan\u00eda, el pueblo soberano determine y elija nuevas autoridades\u201d.<\/p>\n\n\n\n<p>Asimismo, el parlamentario adelant\u00f3 que&nbsp;\u201cen esta sesi\u00f3n especial, nosotros, los Regionalistas Verdes, vamos a presentar un proyecto de resoluci\u00f3n, donde vamos a pedir derechamente que se adelanten las elecciones, como parte de la conclusi\u00f3n de esa sesi\u00f3n y la propuesta que hacemos es que se hagan conjuntamente con la elecci\u00f3n de alcaldes y concejales, el \u00faltimo domingo del mes de octubre, de tal manera que se renueve tanto la Presidencia de la Rep\u00fablica como el Parlamento, alcaldes y concejales, tambi\u00e9n elecciones de convencionales constituyentes ese d\u00eda y de Gobernadores Regionales\u201d. Pues a su juicio, \u201cde esa manera el poder vuelve a la soberan\u00eda, a la gente, al pueblo y es \u00e9ste quien tiene que elegir esas nuevas autoridades que deben seguir enfrentando la crisis. Hasta ahora el Gobierno no ha dado el ancho para eso y la verdad es que no ha absorbido tampoco las demandas sociales, no ha hecho cambios significativos y seguimos cada d\u00eda igual o peor y eso nos parece grave\u201d.<\/p>\n\n\n\n<p>\u00abLo que estamos proponiendo ac\u00e1 es que todos los partidos se pronuncien si est\u00e1n dispuestos o no a dejar el poder en definitiva y queremos que haya un pronunciamiento claro de todos los sectores pol\u00edticos, de derecha, de izquierda, de centro y que digan nosotros estamos dispuestos a entregar nuestros cargos y adelantar las elecciones o no. Lo venimos diciendo desde octubre, propusimos antes una v\u00eda tambi\u00e9n parecida a esta, pero en esta oportunidad \u2013 con la aprobaci\u00f3n o el rechazo del proyecto de resoluci\u00f3n que se votar\u00e1 al final de la sesi\u00f3n \u2013 ning\u00fan partido pol\u00edtico, ning\u00fan diputado se va a poder sustraer, para que quede claro a la ciudadan\u00eda quienes est\u00e1n aferrados al poder y no hacen los cambios y quienes estamos dispuestos a que la soberan\u00eda decida, si es una regla b\u00e1sica en democracia y ser\u00e1n las autoridades electas nuevas, tanto Presidente, como diputados y senadores las encargadas de buscar en conjunto con su respectivo poder, habilitado por la ciudadan\u00eda, resolver un conflicto complejo que se encuentra el pa\u00eds\u201d.<\/p>\n\n\n\n<p>Finalmente, Mulet explic\u00f3 que se requieren de 52 firmas de diputados y diputadas para poder concretar la sesi\u00f3n especial, pero que \u201cno tenemos duda que vamos a juntar las 52 firmas. Hasta ahora hay una voluntad en la C\u00e1mara de, al menos, 60 personas transformadoras, por ejemplo los que nos opusimos a la ley antisaqueos, que si bien podemos ser minor\u00eda, en esta instancia confiamos en que nadie se va a restar, y seremos los que daremos la cara por una completa renovaci\u00f3n de las autoridades\u201d, concluy\u00f3.<\/p>\n","protected":false},"excerpt":{"rendered":"<p>Para&nbsp;\u201cDiscutir las v\u00edas pol\u00edticas y constitucionales que permitan convocar anticipadamente a la ciudadan\u00eda a elecciones del cargo de Presidente de la Rep\u00fablica, y de la&hellip; <\/p>\n","protected":false},"author":2,"featured_media":21856,"comment_status":"open","ping_status":"closed","sticky":false,"template":"","format":"standard","meta":{"footnotes":""},"categories":[7,37],"tags":[],"class_list":["post-21855","post","type-post","status-publish","format-standard","has-post-thumbnail","hentry","category-atacama","category-nacional"],"_links":{"self":[{"href":"https:\/\/www.radioamigavallenar.cl\/index.php?rest_route=\/wp\/v2\/posts\/21855","targetHints":{"allow":["GET"]}}],"collection":[{"href":"https:\/\/www.radioamigavallenar.cl\/index.php?rest_route=\/wp\/v2\/posts"}],"about":[{"href":"https:\/\/www.radioamigavallenar.cl\/index.php?rest_route=\/wp\/v2\/types\/post"}],"author":[{"embeddable":true,"href":"https:\/\/www.radioamigavallenar.cl\/index.php?rest_route=\/wp\/v2\/users\/2"}],"replies":[{"embeddable":true,"href":"https:\/\/www.radioamigavallenar.cl\/index.php?rest_route=%2Fwp%2Fv2%2Fcomments&post=21855"}],"version-history":[{"count":0,"href":"https:\/\/www.radioamigavallenar.cl\/index.php?rest_route=\/wp\/v2\/posts\/21855\/revisions"}],"wp:featuredmedia":[{"embeddable":true,"href":"https:\/\/www.radioamigavallenar.cl\/index.php?rest_route=\/wp\/v2\/media\/21856"}],"wp:attachment":[{"href":"https:\/\/www.radioamigavallenar.cl\/index.php?rest_route=%2Fwp%2Fv2%2Fmedia&parent=21855"}],"wp:term":[{"taxonomy":"category","embeddable":true,"href":"https:\/\/www.radioamigavallenar.cl\/index.php?rest_route=%2Fwp%2Fv2%2Fcategories&post=21855"},{"taxonomy":"post_tag","embeddable":true,"href":"https:\/\/www.radioamigavallenar.cl\/index.php?rest_route=%2Fwp%2Fv2%2Ftags&post=21855"}],"curies":[{"name":"wp","href":"https:\/\/api.w.org\/{rel}","templated":true}]}}