{"id":21801,"date":"2020-03-11T00:00:00","date_gmt":"2020-03-11T03:00:00","guid":{"rendered":"https:\/\/www.radioamigavallenar.cl\/?p=21801"},"modified":"2020-03-10T22:32:25","modified_gmt":"2020-03-11T01:32:25","slug":"ministro-de-mineria-destaca-que-hay-proyectos-del-sector-que-generaran-5-mil-empleos-atacama-como-protagonista","status":"publish","type":"post","link":"https:\/\/www.radioamigavallenar.cl\/?p=21801","title":{"rendered":"Ministro de Miner\u00eda destaca que hay proyectos del sector que generar\u00e1n 5 mil empleos: Atacama como protagonista"},"content":{"rendered":"\n<div class=\"wp-block-image\"><figure class=\"aligncenter size-large\"><img loading=\"lazy\" decoding=\"async\" width=\"750\" height=\"398\" src=\"https:\/\/www.radioamigavallenar.cl\/wp-content\/uploads\/2020\/03\/mineria-1.png\" alt=\"\" class=\"wp-image-21802\" srcset=\"https:\/\/www.radioamigavallenar.cl\/wp-content\/uploads\/2020\/03\/mineria-1.png 750w, https:\/\/www.radioamigavallenar.cl\/wp-content\/uploads\/2020\/03\/mineria-1-300x159.png 300w\" sizes=\"auto, (max-width: 750px) 100vw, 750px\" \/><\/figure><\/div>\n\n\n\n<p><strong>El ministro de Miner\u00eda,&nbsp;Baldo Prokurica, solicit\u00f3 \u201cno sobrerreaccionar\u201d frente a los n\u00fameros que han aparecido producto de la situaci\u00f3n econ\u00f3mica a nivel mundial, lo cual ha afectado al&nbsp;precio del cobre.&nbsp;Eso s\u00ed, destac\u00f3 que hay proyectos del sector que generar\u00e1n&nbsp;cinco mil plazas laborales.<\/strong><\/p>\n\n\n\n<p>El llamado de Prokurica se aline\u00f3 con el emitido por su par de Hacienda,\u00a0Ignacio Briones, quien ayer lunes sostuvo que Chile cuenta con herramientas suficientes para mitigar \u201clos vaivenes que hemos visto que se traspasan a nuestro mercado financiero\u201d.<\/p>\n\n\n\n<p>El coronavirus y la hist\u00f3rica ca\u00edda de un 30% de los precios del petr\u00f3leo incidieron a nivel local.<\/p>\n\n\n\n<p>Frente a este escenario, el ministro Prokurica opt\u00f3 por destacar proyectos que en su conjunto suman alrededor de\u00a0US$3.000 millones\u00a0-y que adem\u00e1s de reactivar la econom\u00eda-\u00a0generar\u00e1n una importante cantidad de puestos de trabajo.<\/p>\n\n\n\n<p>El secretario de Estado mencion\u00f3 iniciativas como \u201cRajo Inca de Codelco por US$1.000 millones; Salares Norte de Gold Fields por US$860 millones; y La Coipa fase 7 por US$225 millones, que parte este mes\u201d.<\/p>\n\n\n\n<p>Por otro lado, destac\u00f3 el proyecto de ampliaci\u00f3n como el Salar del Carmen de SQM, el Desembotellamiento de Concentradoras de Mantos Blanco de Mantos Copper, la continuidad operacional de El Pe\u00f1\u00f3n de Yamana Gold y Lixiviaci\u00f3n de Concentrados de Ecometales. Todas estas iniciativas se encuentran en el grupo de mayor probabilidad de materializaci\u00f3n y sin modificaciones de plazos a la fecha.<\/p>\n\n\n\n<p>Para Prokurica todas estas buenas noticias \u201cvan a dar una cantidad muy importante de puestos de trabajo \u2013alrededor de\u00a0cinco mil-\u00a0y una confianza en la inversi\u00f3n que Chile mantiene como pa\u00eds l\u00edder de metales que facilitan el futuro\u201d.<\/p>\n","protected":false},"excerpt":{"rendered":"<p>El ministro de Miner\u00eda,&nbsp;Baldo Prokurica, solicit\u00f3 \u201cno sobrerreaccionar\u201d frente a los n\u00fameros que han aparecido producto de la situaci\u00f3n econ\u00f3mica a nivel mundial, lo cual&hellip; <\/p>\n","protected":false},"author":2,"featured_media":21802,"comment_status":"open","ping_status":"closed","sticky":false,"template":"","format":"standard","meta":{"footnotes":""},"categories":[34,37],"tags":[],"class_list":["post-21801","post","type-post","status-publish","format-standard","has-post-thumbnail","hentry","category-mineria","category-nacional"],"_links":{"self":[{"href":"https:\/\/www.radioamigavallenar.cl\/index.php?rest_route=\/wp\/v2\/posts\/21801","targetHints":{"allow":["GET"]}}],"collection":[{"href":"https:\/\/www.radioamigavallenar.cl\/index.php?rest_route=\/wp\/v2\/posts"}],"about":[{"href":"https:\/\/www.radioamigavallenar.cl\/index.php?rest_route=\/wp\/v2\/types\/post"}],"author":[{"embeddable":true,"href":"https:\/\/www.radioamigavallenar.cl\/index.php?rest_route=\/wp\/v2\/users\/2"}],"replies":[{"embeddable":true,"href":"https:\/\/www.radioamigavallenar.cl\/index.php?rest_route=%2Fwp%2Fv2%2Fcomments&post=21801"}],"version-history":[{"count":0,"href":"https:\/\/www.radioamigavallenar.cl\/index.php?rest_route=\/wp\/v2\/posts\/21801\/revisions"}],"wp:featuredmedia":[{"embeddable":true,"href":"https:\/\/www.radioamigavallenar.cl\/index.php?rest_route=\/wp\/v2\/media\/21802"}],"wp:attachment":[{"href":"https:\/\/www.radioamigavallenar.cl\/index.php?rest_route=%2Fwp%2Fv2%2Fmedia&parent=21801"}],"wp:term":[{"taxonomy":"category","embeddable":true,"href":"https:\/\/www.radioamigavallenar.cl\/index.php?rest_route=%2Fwp%2Fv2%2Fcategories&post=21801"},{"taxonomy":"post_tag","embeddable":true,"href":"https:\/\/www.radioamigavallenar.cl\/index.php?rest_route=%2Fwp%2Fv2%2Ftags&post=21801"}],"curies":[{"name":"wp","href":"https:\/\/api.w.org\/{rel}","templated":true}]}}