{"id":21788,"date":"2020-03-11T00:00:00","date_gmt":"2020-03-11T03:00:00","guid":{"rendered":"https:\/\/www.radioamigavallenar.cl\/?p=21788"},"modified":"2020-03-10T22:24:56","modified_gmt":"2020-03-11T01:24:56","slug":"autoridades-de-la-region-refuerzan-protocolos-de-atencion-de-coronavirus-en-atacama","status":"publish","type":"post","link":"https:\/\/www.radioamigavallenar.cl\/?p=21788","title":{"rendered":"Autoridades de la regi\u00f3n refuerzan protocolos de atenci\u00f3n de Coronavirus en Atacama"},"content":{"rendered":"\n<div class=\"wp-block-image\"><figure class=\"aligncenter size-large\"><img loading=\"lazy\" decoding=\"async\" width=\"900\" height=\"600\" src=\"https:\/\/www.radioamigavallenar.cl\/wp-content\/uploads\/2020\/03\/199f8ded-3838-46dd-b571-577c9ff15510-scaled-1.jpg\" alt=\"\" class=\"wp-image-21792\" srcset=\"https:\/\/www.radioamigavallenar.cl\/wp-content\/uploads\/2020\/03\/199f8ded-3838-46dd-b571-577c9ff15510-scaled-1.jpg 900w, https:\/\/www.radioamigavallenar.cl\/wp-content\/uploads\/2020\/03\/199f8ded-3838-46dd-b571-577c9ff15510-scaled-1-300x200.jpg 300w, https:\/\/www.radioamigavallenar.cl\/wp-content\/uploads\/2020\/03\/199f8ded-3838-46dd-b571-577c9ff15510-scaled-1-768x512.jpg 768w\" sizes=\"auto, (max-width: 900px) 100vw, 900px\" \/><\/figure><\/div>\n\n\n\n<p>Continuando con el Plan de Acci\u00f3n Covid 19 ejecutado por el Gobierno para enfrentar de la mejor manera este escenario de salud en Chile, la primera autoridad de la regi\u00f3n, Patricio Urquieta junto al Seremi de Salud, Basti\u00e1n Hermosilla, Director del Servicio de Salud, Claudio Baeza, Director (S) del Hospital Regional de Copiap\u00f3, Dr. Mario Sotomayor y equipos cl\u00ednicos realizaron un recorrido por el Hospital Regional con el objetivo de seguir potenciando los protocolos ante un caso real de Coronavirus en la regi\u00f3n.<\/p>\n\n\n\n<p>Tras el recorrido, el Intendente de Atacama, Patricio Urquieta, dijo que \u00abestamos revisando los protocolos de trabajo que tiene el Sistema de Salud para recibir a los pacientes que eventualmente pudieran estar presentando los s\u00edntomas del Coronavirus, y tambi\u00e9n cu\u00e1les son las disposiciones que se han hecho al interior de los establecimientos asistenciales para fortalecer la Red de atenci\u00f3n de salud, para estar mejor preparados en este escenario que hoy d\u00eda tenemos en Chile\u00bb.<\/p>\n\n\n\n<figure class=\"wp-block-audio\"><audio controls src=\"https:\/\/www.radioamigavallenar.cl\/wp-content\/uploads\/2020\/03\/intendente-Urquieta.mp3\"><\/audio><\/figure>\n\n\n\n<p>\u00abActualmente estamos en la fase en donde tenemos casos de contagios importados, no tenemos contagios secundarios a\u00fan, tenemos 13 al d\u00eda de hoy en Chile, pero lo m\u00e1s importante adem\u00e1s de que estamos haciendo lo que est\u00e1 recomendado por la Organizaci\u00f3n Mundial de la Salud, es que estamos haciendo todo lo necesario para poder enfrentar de buena manera este escenario de salud p\u00fablica que afecta al pa\u00eds. El compromiso del Gobierno del Presidente Pi\u00f1era ha sido disponer recursos, capacitar personal, organizar o redistribuir algunos espacios al interior de los hospitales para que podamos estar preparados de la mejor forma para enfrentar este nuevo escenario de salud en Chile\u00bb.<\/p>\n\n\n\n<p>Junto con ello, la Autoridad Sanitaria, Basti\u00e1n Hermosilla, explic\u00f3 que, frente a casos sospechosos en la Regi\u00f3n de Atacama, la Seremi de Salud es la responsable de conducir la investigaci\u00f3n epidemiol\u00f3gica con el fin de clasificar los antecedentes de los casos a identificar potenciales contactos \u201cmientras estemos en la Fase 2 del Plan Nacional es muy importante para nosotros mantener esta vigilancia y el despliegue completo tanto en los puntos de entrada con los equipos de la Red Asistencial en los diferentes centros de atenci\u00f3n primaria, como en el Hospital, y poder determinar de forma oportuna cualquier caso que pueda representar una sospecha y hacer un despliegue completo de todo nuestro equipo y as\u00ed mantener solo casos importados, como hasta ahora y que no se genere contagio entre las personas dentro del pa\u00eds\u00bb.<\/p>\n\n\n\n<figure class=\"wp-block-audio\"><audio controls src=\"https:\/\/www.radioamigavallenar.cl\/wp-content\/uploads\/2020\/03\/Bastian-Hermosilla-3.mp3\"><\/audio><\/figure>\n\n\n\n<p>Dentro de la visita se enfatiz\u00f3 sobre el protocolo del Ministerio de Salud frente a eventuales casos de sospecha con los diferentes equipos tanto cl\u00ednicos como administrativos de la regi\u00f3n. Tambi\u00e9n se inspeccionaron box de aislamiento en los Servicios de Urgencia y Unidad de Cuidados Especiales del Hospital.<\/p>\n\n\n\n<p>El Director del Servicio de Salud, Claudio Baeza, explic\u00f3 que \u00abhemos dispuesto en nuestra regi\u00f3n dos centros de referencia: el Hospital Provincial del Huasco y el Hospital Regional de Copiap\u00f3, en los cuales contamos con unidades de aislamiento en el servicio de urgencia y en el \u00e1rea de hospitalizaci\u00f3n para poder atender de manera r\u00e1pida y expedita los casos sospechosos que se generen en Atacama 2.<\/p>\n\n\n\n<figure class=\"wp-block-audio\"><audio controls src=\"https:\/\/www.radioamigavallenar.cl\/wp-content\/uploads\/2020\/03\/claudio-baeza.mp3\"><\/audio><\/figure>\n\n\n\n<p>\u00abQuiero destacar la preparaci\u00f3n que tiene el personal cl\u00ednico de los hospitales de nuestra Red Asistencial para atender oportunamente un caso sospechoso\u00bb. Asimismo, la autoridad dio a conocer el protocolo que se realiza una vez que un paciente que presenta la sintomatolog\u00eda compatible con Coronavirus se presenta tanto en los Centros de Salud Familiar, como en la Urgencia del Hospital Regional de Copiap\u00f3, \u00abinmediatamente el paciente es llevado a unidad de aislamiento dispuesta en el servicio de urgencias, donde es atendido con los elementos de protecci\u00f3n para los funcionarios, se hace la confirmaci\u00f3n del caso sospechoso con la Seremi de Salud, si el caso es confirmado, inmediatamente es traslado hasta la unidad de aislamiento, se toma la muestra, la cual es enviada al Instituto de Salud P\u00fablica en Santiago, quien finalmente confirma o descarta el caso\u00bb. Asimismo, enfatiz\u00f3 Dr. Mario Sotomayor, Director (S) del Hospital Regional de Copiap\u00f3, dijo que \u00abes muy importante transmitir la confianza y seguridad a nuestra poblaci\u00f3n usuaria de que el Hospital desde hace m\u00e1s de un mes est\u00e1 trabajando en una serie de protocolos para poder anticiparse y estar preparados ante la eventualidad de encontrarnos con pacientes portadores de Coronavirus, y as\u00ed se ha demostrado en los casos sospechosos que tuvimos, en donde el actuar fue oportuno, felizmente se descart\u00f3\u00bb.<\/p>\n\n\n\n<p>Provechoso recorrido de las autoridades que busca seguir fortaleciendo el Plan de Acci\u00f3n Covid 19 en la regi\u00f3n, cabe destacar que ante cualquier duda o consulta de la comunidad pueden visitar la p\u00e1gina web del Ministerio de Salud www.minsal.cl o llamar al Fono Salud Responde 600 360 77 77 donde un completo equipo de profesionales de la salud est\u00e1 disponible para atenderlos las 24 horas del d\u00eda, los siete d\u00edas de la semana.<\/p>\n","protected":false},"excerpt":{"rendered":"<p>Continuando con el Plan de Acci\u00f3n Covid 19 ejecutado por el Gobierno para enfrentar de la mejor manera este escenario de salud en Chile, la&hellip; <\/p>\n","protected":false},"author":2,"featured_media":21792,"comment_status":"open","ping_status":"closed","sticky":false,"template":"","format":"standard","meta":{"footnotes":""},"categories":[7,1],"tags":[],"class_list":["post-21788","post","type-post","status-publish","format-standard","has-post-thumbnail","hentry","category-atacama","category-provincia-del-huasco-2"],"_links":{"self":[{"href":"https:\/\/www.radioamigavallenar.cl\/index.php?rest_route=\/wp\/v2\/posts\/21788","targetHints":{"allow":["GET"]}}],"collection":[{"href":"https:\/\/www.radioamigavallenar.cl\/index.php?rest_route=\/wp\/v2\/posts"}],"about":[{"href":"https:\/\/www.radioamigavallenar.cl\/index.php?rest_route=\/wp\/v2\/types\/post"}],"author":[{"embeddable":true,"href":"https:\/\/www.radioamigavallenar.cl\/index.php?rest_route=\/wp\/v2\/users\/2"}],"replies":[{"embeddable":true,"href":"https:\/\/www.radioamigavallenar.cl\/index.php?rest_route=%2Fwp%2Fv2%2Fcomments&post=21788"}],"version-history":[{"count":0,"href":"https:\/\/www.radioamigavallenar.cl\/index.php?rest_route=\/wp\/v2\/posts\/21788\/revisions"}],"wp:featuredmedia":[{"embeddable":true,"href":"https:\/\/www.radioamigavallenar.cl\/index.php?rest_route=\/wp\/v2\/media\/21792"}],"wp:attachment":[{"href":"https:\/\/www.radioamigavallenar.cl\/index.php?rest_route=%2Fwp%2Fv2%2Fmedia&parent=21788"}],"wp:term":[{"taxonomy":"category","embeddable":true,"href":"https:\/\/www.radioamigavallenar.cl\/index.php?rest_route=%2Fwp%2Fv2%2Fcategories&post=21788"},{"taxonomy":"post_tag","embeddable":true,"href":"https:\/\/www.radioamigavallenar.cl\/index.php?rest_route=%2Fwp%2Fv2%2Ftags&post=21788"}],"curies":[{"name":"wp","href":"https:\/\/api.w.org\/{rel}","templated":true}]}}