{"id":21765,"date":"2020-03-10T10:01:34","date_gmt":"2020-03-10T13:01:34","guid":{"rendered":"https:\/\/www.radioamigavallenar.cl\/?p=21765"},"modified":"2020-03-10T10:01:36","modified_gmt":"2020-03-10T13:01:36","slug":"bastian-hermosilla-asume-como-seremi-de-salud-de-atacama","status":"publish","type":"post","link":"https:\/\/www.radioamigavallenar.cl\/?p=21765","title":{"rendered":"Bastian Hermosilla asume como Seremi de Salud de Atacama"},"content":{"rendered":"\n<div class=\"wp-block-image\"><figure class=\"aligncenter size-large\"><img loading=\"lazy\" decoding=\"async\" width=\"900\" height=\"600\" src=\"https:\/\/www.radioamigavallenar.cl\/wp-content\/uploads\/2020\/03\/IMG_09032020-scaled-1.jpeg\" alt=\"\" class=\"wp-image-21766\" srcset=\"https:\/\/www.radioamigavallenar.cl\/wp-content\/uploads\/2020\/03\/IMG_09032020-scaled-1.jpeg 900w, https:\/\/www.radioamigavallenar.cl\/wp-content\/uploads\/2020\/03\/IMG_09032020-scaled-1-300x200.jpeg 300w, https:\/\/www.radioamigavallenar.cl\/wp-content\/uploads\/2020\/03\/IMG_09032020-scaled-1-768x512.jpeg 768w\" sizes=\"auto, (max-width: 900px) 100vw, 900px\" \/><\/figure><\/div>\n\n\n\n<p><strong>Durante varios meses estuvo realizando labores como Subrogante.<\/strong><\/p>\n\n\n\n<p>Hermosilla Noriega,&nbsp;ingres\u00f3 a la cartera de salud el a\u00f1o 2008, desempe\u00f1ando diversas funciones y cargos, luego el 2015 se desempe\u00f1\u00f3 como Director Regional de ASOEX A.G., retornando a la instituci\u00f3n en abril del 2018, para asumir como Jefe de Gabinete. Desde junio del 2019,&nbsp; lider\u00f3 la instituci\u00f3n como Seremi de Salud subrogante, hasta su actual nombramiento.<\/p>\n\n\n\n<p>El Intendente de Atacama, Patricio Urquieta, dijo que \u00abhoy hemos recibido la noticia de la designaci\u00f3n como Seremi de Salud a Basti\u00e1n Hermosilla, quien ha cumplido fielmente su labor como subrogante, as\u00ed como tambi\u00e9n los desaf\u00edos del Ministerio de Salud en su \u00e1rea, lo que ha permitido lograr la convicci\u00f3n dentro de las autoridades del mismo Ministerio de que es la mejor persona para poder desarrollar esa funci\u00f3n, as\u00ed que estamos muy contentos porque la incorporaci\u00f3n de Basti\u00e1n permite ratificar el trabajo que se ha hecho en la regi\u00f3n por parte de la autoridad sanitaria y naturalmente, seguir asumiendo los desaf\u00edos que le ha puesto el Presidente Pi\u00f1era\u00bb.<\/p>\n\n\n\n<p>Por su parte, Bastian Hermosilla, a\u00f1adi\u00f3 \u201cestoy muy agradecido por la confianza y agradezco profundamente el apoyo de nuestro intendente regional, quien ha posibilitado avanzar en una hoja de ruta clara con los grandes desaf\u00edos inherentes a las necesidades particulares de esta regi\u00f3n\u201d.<\/p>\n","protected":false},"excerpt":{"rendered":"<p>Durante varios meses estuvo realizando labores como Subrogante. Hermosilla Noriega,&nbsp;ingres\u00f3 a la cartera de salud el a\u00f1o 2008, desempe\u00f1ando diversas funciones y cargos, luego el&hellip; <\/p>\n","protected":false},"author":2,"featured_media":21766,"comment_status":"open","ping_status":"closed","sticky":false,"template":"","format":"standard","meta":{"footnotes":""},"categories":[7],"tags":[],"class_list":["post-21765","post","type-post","status-publish","format-standard","has-post-thumbnail","hentry","category-atacama"],"_links":{"self":[{"href":"https:\/\/www.radioamigavallenar.cl\/index.php?rest_route=\/wp\/v2\/posts\/21765","targetHints":{"allow":["GET"]}}],"collection":[{"href":"https:\/\/www.radioamigavallenar.cl\/index.php?rest_route=\/wp\/v2\/posts"}],"about":[{"href":"https:\/\/www.radioamigavallenar.cl\/index.php?rest_route=\/wp\/v2\/types\/post"}],"author":[{"embeddable":true,"href":"https:\/\/www.radioamigavallenar.cl\/index.php?rest_route=\/wp\/v2\/users\/2"}],"replies":[{"embeddable":true,"href":"https:\/\/www.radioamigavallenar.cl\/index.php?rest_route=%2Fwp%2Fv2%2Fcomments&post=21765"}],"version-history":[{"count":0,"href":"https:\/\/www.radioamigavallenar.cl\/index.php?rest_route=\/wp\/v2\/posts\/21765\/revisions"}],"wp:featuredmedia":[{"embeddable":true,"href":"https:\/\/www.radioamigavallenar.cl\/index.php?rest_route=\/wp\/v2\/media\/21766"}],"wp:attachment":[{"href":"https:\/\/www.radioamigavallenar.cl\/index.php?rest_route=%2Fwp%2Fv2%2Fmedia&parent=21765"}],"wp:term":[{"taxonomy":"category","embeddable":true,"href":"https:\/\/www.radioamigavallenar.cl\/index.php?rest_route=%2Fwp%2Fv2%2Fcategories&post=21765"},{"taxonomy":"post_tag","embeddable":true,"href":"https:\/\/www.radioamigavallenar.cl\/index.php?rest_route=%2Fwp%2Fv2%2Ftags&post=21765"}],"curies":[{"name":"wp","href":"https:\/\/api.w.org\/{rel}","templated":true}]}}