{"id":21762,"date":"2020-03-10T10:00:08","date_gmt":"2020-03-10T13:00:08","guid":{"rendered":"https:\/\/www.radioamigavallenar.cl\/?p=21762"},"modified":"2020-03-10T10:00:10","modified_gmt":"2020-03-10T13:00:10","slug":"comienza-postulacion-al-subsidio-de-arriendo-2020-requisitos-y-todos-los-pasos-a-seguir","status":"publish","type":"post","link":"https:\/\/www.radioamigavallenar.cl\/?p=21762","title":{"rendered":"Comienza postulaci\u00f3n al Subsidio de Arriendo 2020: Requisitos y todos los pasos a seguir"},"content":{"rendered":"\n<div class=\"wp-block-image\"><figure class=\"aligncenter size-large\"><img loading=\"lazy\" decoding=\"async\" width=\"810\" height=\"540\" src=\"https:\/\/www.radioamigavallenar.cl\/wp-content\/uploads\/2020\/03\/A_UNO_150014-810x540-1.jpg\" alt=\"\" class=\"wp-image-21763\" srcset=\"https:\/\/www.radioamigavallenar.cl\/wp-content\/uploads\/2020\/03\/A_UNO_150014-810x540-1.jpg 810w, https:\/\/www.radioamigavallenar.cl\/wp-content\/uploads\/2020\/03\/A_UNO_150014-810x540-1-300x200.jpg 300w, https:\/\/www.radioamigavallenar.cl\/wp-content\/uploads\/2020\/03\/A_UNO_150014-810x540-1-768x512.jpg 768w\" sizes=\"auto, (max-width: 810px) 100vw, 810px\" \/><\/figure><\/div>\n\n\n\n<p><strong>Las familias beneficiadas podr\u00e1n recibir un subsidio total de 170 UF, el cual ser\u00e1 entregado de forma mensual con un tope de 4,2 UF (cerca de $119.700).<\/strong><\/p>\n\n\n\n<p>El\u00a0Ministerio de Vivienda y Urbanismo (Minvu)\u00a0inici\u00f3 este lunes 9 de marzo el\u00a0proceso de postulaci\u00f3n al Subsidio de Arriendo 2020<strong>.<\/strong><\/p>\n\n\n\n<p>Se trata de un beneficio temporal que entrega el Estado a las familias para que puedan realizar<strong>\u00a0<\/strong>un pago mensual por el arriendo de una vivienda.<\/p>\n\n\n\n<p>Para este 2020, el Subsidio tendr\u00e1 un aumento de casi\u00a0$30.000. En detalle, las familias podr\u00e1n recibir un\u00a0subsidio total de 170 UF\u00a0(cerca de $4.845.000), el cual se entrega mensualmente con un\u00a0tope de 4,2 UF ($119.000 en promedio).El valor\u00a0m\u00e1ximo de la viviendaa arrendar\u00a0tambi\u00e9n tendr\u00e1 un aumento este a\u00f1o, pasando de las 9,2 UF ($259.440 aprox) a\u00a011 UF\u00a0(cerca de $310.200). Este monto puede variar seg\u00fan la localizaci\u00f3n geogr\u00e1fica de la comuna en que se encuentra la vivienda.<\/p>\n\n\n\n<p>Este aporte estatal permite que las familias puedan cambiar de vivienda en cualquier regi\u00f3n del pa\u00eds y postular, en un futuro, a\u00a0un subsidio para comprar una vivienda.<\/p>\n\n\n\n<h3 class=\"has-text-align-center wp-block-heading\">Los requisitos para postular son:<\/h3>\n\n\n\n<ul class=\"wp-block-list\"><li>Tener\u00a0m\u00ednimo 18 a\u00f1os\u00a0de edad.<\/li><li>Contar con\u00a0C\u00e9dula Nacional de Identidad Vigente.\u00a0Las personas extranjeras deben presentar C\u00e9dula de Identidad para Extranjeros.<\/li><li>Postular al menos con su c\u00f3nyuge, conviviente civil, conviviente o hijo. Las personas que tengan m\u00e1s de 60 a\u00f1os al momento de postular, no necesitan contar con n\u00facleo familiar.<\/li><li>Estar\u00a0inscrito en el Registro Social de Hogares (RSH)\u00a0y no superar el tramo de calificaci\u00f3n socioecon\u00f3mica del 70%. Se permitir\u00e1 una postulaci\u00f3n por RSH en cada llamado.<\/li><li>Acreditar un\u00a0ahorro m\u00ednimo de 4 UF\u00a0en una cuenta de ahorro para la vivienda al momento de postular, la cual debe estar a nombre del postulantes, c\u00f3nyuge o conviviente civil.<\/li><li>Tener un\u00a0ingreso econ\u00f3mico familiar entre 7 y 25 UF. Por cada integrante familiar que excede de tres, el ingreso m\u00e1ximo mensual familiar aumentar\u00e1 en 8 UF.<\/li><\/ul>\n\n\n\n<h3 class=\"has-text-align-center wp-block-heading\">\u00bfCu\u00e1les son los pasos para postular?<\/h3>\n\n\n\n<ul class=\"wp-block-list\"><li>Abrir una\u00a0<strong>c<\/strong>uenta de ahorro para la vivienda\u00a0y depositar su ahorro en ella<\/li><li>Informarse y solicitar orientaci\u00f3nn sobre este programam habitacional y consultar fechas de postulaci\u00f3n<\/li><li>Conocer el porcentaje de calificaci\u00f3n socioecon\u00f3mica de su Registro Social de Hogares (RSH). Para esto se puede recurrir al sitio registrosocial.gob.cl, dirigirse a la municipalidad o llamar al 800 104777.<\/li><li>El tr\u00e1mite de postulaci\u00f3n se puede hacer a trav\u00e9s de Internet, para lo cual\u00a0es necesario contar con la Clave \u00danica\u00a0que otorga el Servicio de Registro Civil e Identificaci\u00f3n, adem\u00e1s de\u00a0cotizaciones previsionales informadas en l\u00ednea por la SUPEN\u00a0(Superintendencia de pensiones) y certificaci\u00f3n de ahorro en instituciones financieras que tengan convenio de consulta (Banco Estado, Scotiabank, Coopeuch y Caja Compensaci\u00f3n Los Andes).<\/li><li>Una segunda alternativa es\u00a0postular personalmente en las Oficinas de Atenci\u00f3n Presencial del Serviu\u00a0o en las instituciones p\u00fablicas que este organismo habilite para estos efectos.<\/li><li>Si desea realizar su postulaci\u00f3n de manera presencial, se debe reservar un d\u00eda y lugar en\u00a0<strong><a href=\"https:\/\/www.minvu.cl\/\">minvu.cl<\/a>\u00a0<\/strong>o llamando a Minvu Al\u00f3.<\/li><\/ul>\n\n\n\n<p>Para mayores detalles, visita el&nbsp;<strong><a href=\"https:\/\/www.minvu.cl\/beneficio\/vivienda\/arriendo-de-una-vivienda\/\" target=\"_blank\" rel=\"noreferrer noopener\">sitio del Minvu.<\/a><\/strong><\/p>\n","protected":false},"excerpt":{"rendered":"<p>Las familias beneficiadas podr\u00e1n recibir un subsidio total de 170 UF, el cual ser\u00e1 entregado de forma mensual con un tope de 4,2 UF (cerca&hellip; <\/p>\n","protected":false},"author":2,"featured_media":21763,"comment_status":"open","ping_status":"closed","sticky":false,"template":"","format":"standard","meta":{"footnotes":""},"categories":[37],"tags":[],"class_list":["post-21762","post","type-post","status-publish","format-standard","has-post-thumbnail","hentry","category-nacional"],"_links":{"self":[{"href":"https:\/\/www.radioamigavallenar.cl\/index.php?rest_route=\/wp\/v2\/posts\/21762","targetHints":{"allow":["GET"]}}],"collection":[{"href":"https:\/\/www.radioamigavallenar.cl\/index.php?rest_route=\/wp\/v2\/posts"}],"about":[{"href":"https:\/\/www.radioamigavallenar.cl\/index.php?rest_route=\/wp\/v2\/types\/post"}],"author":[{"embeddable":true,"href":"https:\/\/www.radioamigavallenar.cl\/index.php?rest_route=\/wp\/v2\/users\/2"}],"replies":[{"embeddable":true,"href":"https:\/\/www.radioamigavallenar.cl\/index.php?rest_route=%2Fwp%2Fv2%2Fcomments&post=21762"}],"version-history":[{"count":0,"href":"https:\/\/www.radioamigavallenar.cl\/index.php?rest_route=\/wp\/v2\/posts\/21762\/revisions"}],"wp:featuredmedia":[{"embeddable":true,"href":"https:\/\/www.radioamigavallenar.cl\/index.php?rest_route=\/wp\/v2\/media\/21763"}],"wp:attachment":[{"href":"https:\/\/www.radioamigavallenar.cl\/index.php?rest_route=%2Fwp%2Fv2%2Fmedia&parent=21762"}],"wp:term":[{"taxonomy":"category","embeddable":true,"href":"https:\/\/www.radioamigavallenar.cl\/index.php?rest_route=%2Fwp%2Fv2%2Fcategories&post=21762"},{"taxonomy":"post_tag","embeddable":true,"href":"https:\/\/www.radioamigavallenar.cl\/index.php?rest_route=%2Fwp%2Fv2%2Ftags&post=21762"}],"curies":[{"name":"wp","href":"https:\/\/api.w.org\/{rel}","templated":true}]}}