{"id":21674,"date":"2020-03-07T11:03:15","date_gmt":"2020-03-07T14:03:15","guid":{"rendered":"https:\/\/www.radioamigavallenar.cl\/?p=21674"},"modified":"2020-03-07T11:03:16","modified_gmt":"2020-03-07T14:03:16","slug":"joven-de-17-anos-es-el-sexto-caso-de-coronavirus-en-chile","status":"publish","type":"post","link":"https:\/\/www.radioamigavallenar.cl\/?p=21674","title":{"rendered":"Joven de 17 a\u00f1os es el sexto caso de coronavirus en Chile"},"content":{"rendered":"\n<div class=\"wp-block-image\"><figure class=\"aligncenter size-large\"><img loading=\"lazy\" decoding=\"async\" width=\"1024\" height=\"576\" src=\"https:\/\/www.radioamigavallenar.cl\/wp-content\/uploads\/2020\/03\/foto_0000000120200307100211-1024x576.jpg\" alt=\"\" class=\"wp-image-21675\" srcset=\"https:\/\/www.radioamigavallenar.cl\/wp-content\/uploads\/2020\/03\/foto_0000000120200307100211-1024x576.jpg 1024w, https:\/\/www.radioamigavallenar.cl\/wp-content\/uploads\/2020\/03\/foto_0000000120200307100211-300x169.jpg 300w, https:\/\/www.radioamigavallenar.cl\/wp-content\/uploads\/2020\/03\/foto_0000000120200307100211-768x432.jpg 768w, https:\/\/www.radioamigavallenar.cl\/wp-content\/uploads\/2020\/03\/foto_0000000120200307100211.jpg 1130w\" sizes=\"auto, (max-width: 1024px) 100vw, 1024px\" \/><\/figure><\/div>\n\n\n\n<p>El Ministerio de Salud inform\u00f3 que\u00a0un joven de 17 a\u00f1os es el sexto caso confirmado de coronavirus\u00a0Covid 19 en el pa\u00eds.<\/p>\n\n\n\n<p>Las autoridades informaron que se trata de un\u00a0familiar directo de los dos casos que hab\u00edan sido reportados en la Regi\u00f3n Metropolitana, con quienes comparti\u00f3 un viaje a Italia, pa\u00eds que presenta un brote comunitario de la enfermedad, por lo que se califica como un contagio importado.<\/p>\n\n\n\n<p>El joven se encontraba bajo<strong>\u00a0<\/strong>vigilancia epidemiol\u00f3gica\u00a0en su domicilio junto a su familia, y ayer present\u00f3 los\u00a0s\u00edntomas asociados a un cuadro respiratorio leve, raz\u00f3n por la que consult\u00f3 a un centro asistencial privado de la Regi\u00f3n Metropolitana, que\u00a0finalmente confirm\u00f3 el sexto caso de Covid-19 en nuestro pa\u00eds.<\/p>\n\n\n\n<p>A trav\u00e9s de un comunicado, el Minsal inform\u00f3 que el paciente\u00a0se encuentra en buenas condiciones de salud, y que permancer\u00e1 con las\u00a0medidas que establece el protocolo en su domicilio,\u00a0donde seguir\u00e1 bajo viligancia.<strong>\u00a0<\/strong><\/p>\n","protected":false},"excerpt":{"rendered":"<p>El Ministerio de Salud inform\u00f3 que\u00a0un joven de 17 a\u00f1os es el sexto caso confirmado de coronavirus\u00a0Covid 19 en el pa\u00eds. Las autoridades informaron que&hellip; <\/p>\n","protected":false},"author":2,"featured_media":21675,"comment_status":"open","ping_status":"closed","sticky":false,"template":"","format":"standard","meta":{"footnotes":""},"categories":[37],"tags":[],"class_list":["post-21674","post","type-post","status-publish","format-standard","has-post-thumbnail","hentry","category-nacional"],"_links":{"self":[{"href":"https:\/\/www.radioamigavallenar.cl\/index.php?rest_route=\/wp\/v2\/posts\/21674","targetHints":{"allow":["GET"]}}],"collection":[{"href":"https:\/\/www.radioamigavallenar.cl\/index.php?rest_route=\/wp\/v2\/posts"}],"about":[{"href":"https:\/\/www.radioamigavallenar.cl\/index.php?rest_route=\/wp\/v2\/types\/post"}],"author":[{"embeddable":true,"href":"https:\/\/www.radioamigavallenar.cl\/index.php?rest_route=\/wp\/v2\/users\/2"}],"replies":[{"embeddable":true,"href":"https:\/\/www.radioamigavallenar.cl\/index.php?rest_route=%2Fwp%2Fv2%2Fcomments&post=21674"}],"version-history":[{"count":0,"href":"https:\/\/www.radioamigavallenar.cl\/index.php?rest_route=\/wp\/v2\/posts\/21674\/revisions"}],"wp:featuredmedia":[{"embeddable":true,"href":"https:\/\/www.radioamigavallenar.cl\/index.php?rest_route=\/wp\/v2\/media\/21675"}],"wp:attachment":[{"href":"https:\/\/www.radioamigavallenar.cl\/index.php?rest_route=%2Fwp%2Fv2%2Fmedia&parent=21674"}],"wp:term":[{"taxonomy":"category","embeddable":true,"href":"https:\/\/www.radioamigavallenar.cl\/index.php?rest_route=%2Fwp%2Fv2%2Fcategories&post=21674"},{"taxonomy":"post_tag","embeddable":true,"href":"https:\/\/www.radioamigavallenar.cl\/index.php?rest_route=%2Fwp%2Fv2%2Ftags&post=21674"}],"curies":[{"name":"wp","href":"https:\/\/api.w.org\/{rel}","templated":true}]}}