{"id":21644,"date":"2020-03-07T00:52:45","date_gmt":"2020-03-07T03:52:45","guid":{"rendered":"https:\/\/www.radioamigavallenar.cl\/?p=21644"},"modified":"2020-03-07T00:52:46","modified_gmt":"2020-03-07T03:52:46","slug":"comision-de-infraestructura-del-core-analiza-situacion-del-desempleo-en-atacama","status":"publish","type":"post","link":"https:\/\/www.radioamigavallenar.cl\/?p=21644","title":{"rendered":"Comisi\u00f3n de Infraestructura del CORE analiza situaci\u00f3n del desempleo en Atacama"},"content":{"rendered":"\n<div class=\"wp-block-image\"><figure class=\"aligncenter size-large\"><img loading=\"lazy\" decoding=\"async\" width=\"1024\" height=\"571\" src=\"https:\/\/www.radioamigavallenar.cl\/wp-content\/uploads\/2020\/03\/Foto-01-Reunio\u0301n-Comisio\u0301n-Infraestructura-1024x571-1.jpg\" alt=\"\" class=\"wp-image-21645\" srcset=\"https:\/\/www.radioamigavallenar.cl\/wp-content\/uploads\/2020\/03\/Foto-01-Reunio\u0301n-Comisio\u0301n-Infraestructura-1024x571-1.jpg 1024w, https:\/\/www.radioamigavallenar.cl\/wp-content\/uploads\/2020\/03\/Foto-01-Reunio\u0301n-Comisio\u0301n-Infraestructura-1024x571-1-300x167.jpg 300w, https:\/\/www.radioamigavallenar.cl\/wp-content\/uploads\/2020\/03\/Foto-01-Reunio\u0301n-Comisio\u0301n-Infraestructura-1024x571-1-768x428.jpg 768w\" sizes=\"auto, (max-width: 1024px) 100vw, 1024px\" \/><\/figure><\/div>\n\n\n\n<p>Preocupante es la tasa de desempleo en Atacama que, seg\u00fan datos del INE, lleg\u00f3 a los 7,7% en el per\u00edodo noviembre de 2019 a enero de 2020. Por ello, desde la Comisi\u00f3n de Infraestructura, Fomento Productivo y Miner\u00eda, del CORE Atacama, que lidera la Consejera Regional Patricia Gonz\u00e1lez, junto a los Presidentes de las Comisiones Provinciales de Copiap\u00f3, Cha\u00f1aral y Huasco: Patricio Alfaro, Gabriel Manquez y Fabiola P\u00e9rez, respectivamente; se analiz\u00f3 este tema en conjunto con las serem\u00edas de econom\u00eda, trabajo, adem\u00e1s del INE y las Oficinas Municipales de Informaci\u00f3n Laboral (OMIL).<\/p>\n\n\n\n<p>De acuerdo a esto, la Presidenta de dicha Comisi\u00f3n, Patricia Gonz\u00e1lez, se\u00f1al\u00f3 que \u201ccomo Consejeros Regionales estamos abocados a generar los mecanismos que permitan poder acelerar los procesos que generen mano de obra local. Hemos conocido de las herramientas con que cuentan los distintos sectores p\u00fablicos como son la Secretar\u00eda Regional Ministerial de Econom\u00eda, de Trabajo, del INE y los encargados de las OMIL de Copiap\u00f3, Tierra Amarilla y Caldera. Hay importantes proyectos que comenzar\u00e1n su ejecuci\u00f3n este a\u00f1o, los que abrir\u00e1n espacios para nuevas contrataciones, sumado a ello, las distintas posibilidades de capacitaci\u00f3n en apoyo a los trabajadores de nuestra zona\u201d, sostuvo la Consejera Gonz\u00e1lez.<\/p>\n\n\n\n<p>En la exposici\u00f3n del INE, se indic\u00f3 que se ha visto una baja de las mujeres ocupadas, a partir del trimestre septiembre- noviembre 2019, esto refleja que la poblaci\u00f3n inactiva de las mujeres aument\u00f3 en forma importante el \u00faltimo trimestre. Adem\u00e1s, la creaci\u00f3n de empleo en el sector privado ha disminuido en el trimestre julio- septiembre 2019, siendo el \u00faltimo trimestre con p\u00e9rdida de empleo. Se concluye que las tres ramas m\u00e1s importantes que generan trabajo, como son miner\u00eda, comercio e industrias manufactureras, perdieron empleo el \u00faltimo trimestre.<\/p>\n\n\n\n<p>Durante la reuni\u00f3n, se dio cuenta adem\u00e1s del catastro de la Oficina de Gesti\u00f3n de Proyectos Sustentables, GPS, del Ministerio de Econom\u00eda, donde se proyecta una inversi\u00f3n de m\u00e1s de 9 mil millones de d\u00f3lares entre los a\u00f1os 2019- 2023, con 16.097 empleos en construcci\u00f3n, 9.031 empleos directos en operaci\u00f3n y 27.093 empleos indirectos en Atacama.<\/p>\n\n\n\n<p>Seg\u00fan dicha informaci\u00f3n, para el presente a\u00f1o, se contemplan ocho proyectos de inversi\u00f3n privada regional que generar\u00edan empleos en su fase de construcci\u00f3n, los cuales son: Salares Norte con 2.700 empleos; Rajo Inca con 1.600 empleos; Coipa Fase 7 con 700 empleos; Santo Domingo con 1.550 empleos; MantoVerde con 1.500 empleos; Campos de Sol con 750 empleos; R\u00edo Escondido con 250 empleos y; Valle Escondido con 200.<\/p>\n\n\n\n<p class=\"has-text-align-center\"><strong>RECURSOS EN MINER\u00cdA<\/strong><\/p>\n\n\n\n<p>En el mismo orden de ideas, la Presidenta de la Comisi\u00f3n de Infraestructura, Fomento Productivo y Miner\u00eda, Patricia Gonz\u00e1lez, se refiri\u00f3 a los recursos FNDR del Gobierno Regional, aprobados por el CORE, el a\u00f1o reci\u00e9n pasado, para apoyar de forma directa al sector minero de Atacama.<\/p>\n\n\n\n<p>\u201cPara nosotros es urgente que se materialicen los programas de apoyo a la peque\u00f1a miner\u00eda. El a\u00f1o pasado aprobamos cerca de 6 mil millones de pesos para el sector minero. Con estos recursos se logr\u00f3 ejecutar el 2019 parte de las iniciativas. Durante el 2020, en el mes de mayo, se van a reiniciar estos programas. Los mineros y mineras que ten\u00edan incertidumbre sobre c\u00f3mo se iba a concretar la inversi\u00f3n, podemos decirles que el Seremi de Miner\u00eda, Cristian Alvayai, ha resuelto con su equipo un cronograma de trabajo para los distintos programas. Como CORES estaremos atentos a que esto se desarrolle con prontitud para levantar esta actividad productiva y favorecer a las localidades que generan econom\u00eda local y trabajo mediante la miner\u00eda\u201d, puntualiz\u00f3 la autoridad regional.<\/p>\n","protected":false},"excerpt":{"rendered":"<p>Preocupante es la tasa de desempleo en Atacama que, seg\u00fan datos del INE, lleg\u00f3 a los 7,7% en el per\u00edodo noviembre de 2019 a enero&hellip; <\/p>\n","protected":false},"author":2,"featured_media":21645,"comment_status":"open","ping_status":"closed","sticky":false,"template":"","format":"standard","meta":{"footnotes":""},"categories":[7],"tags":[],"class_list":["post-21644","post","type-post","status-publish","format-standard","has-post-thumbnail","hentry","category-atacama"],"_links":{"self":[{"href":"https:\/\/www.radioamigavallenar.cl\/index.php?rest_route=\/wp\/v2\/posts\/21644","targetHints":{"allow":["GET"]}}],"collection":[{"href":"https:\/\/www.radioamigavallenar.cl\/index.php?rest_route=\/wp\/v2\/posts"}],"about":[{"href":"https:\/\/www.radioamigavallenar.cl\/index.php?rest_route=\/wp\/v2\/types\/post"}],"author":[{"embeddable":true,"href":"https:\/\/www.radioamigavallenar.cl\/index.php?rest_route=\/wp\/v2\/users\/2"}],"replies":[{"embeddable":true,"href":"https:\/\/www.radioamigavallenar.cl\/index.php?rest_route=%2Fwp%2Fv2%2Fcomments&post=21644"}],"version-history":[{"count":0,"href":"https:\/\/www.radioamigavallenar.cl\/index.php?rest_route=\/wp\/v2\/posts\/21644\/revisions"}],"wp:featuredmedia":[{"embeddable":true,"href":"https:\/\/www.radioamigavallenar.cl\/index.php?rest_route=\/wp\/v2\/media\/21645"}],"wp:attachment":[{"href":"https:\/\/www.radioamigavallenar.cl\/index.php?rest_route=%2Fwp%2Fv2%2Fmedia&parent=21644"}],"wp:term":[{"taxonomy":"category","embeddable":true,"href":"https:\/\/www.radioamigavallenar.cl\/index.php?rest_route=%2Fwp%2Fv2%2Fcategories&post=21644"},{"taxonomy":"post_tag","embeddable":true,"href":"https:\/\/www.radioamigavallenar.cl\/index.php?rest_route=%2Fwp%2Fv2%2Ftags&post=21644"}],"curies":[{"name":"wp","href":"https:\/\/api.w.org\/{rel}","templated":true}]}}