{"id":21597,"date":"2020-03-06T00:00:00","date_gmt":"2020-03-06T03:00:00","guid":{"rendered":"https:\/\/www.radioamigavallenar.cl\/?p=21597"},"modified":"2020-03-05T22:57:27","modified_gmt":"2020-03-06T01:57:27","slug":"coronavirus-e-influenza-las-semejanzas-y-diferencias-que-debes-conocer","status":"publish","type":"post","link":"https:\/\/www.radioamigavallenar.cl\/?p=21597","title":{"rendered":"Coronavirus e Influenza: las semejanzas y diferencias que debes conocer"},"content":{"rendered":"\n<figure class=\"wp-block-image size-large\"><img loading=\"lazy\" decoding=\"async\" width=\"750\" height=\"400\" src=\"https:\/\/www.radioamigavallenar.cl\/wp-content\/uploads\/2020\/03\/000_1pi6vk-750x400-1.jpg\" alt=\"\" class=\"wp-image-21598\" srcset=\"https:\/\/www.radioamigavallenar.cl\/wp-content\/uploads\/2020\/03\/000_1pi6vk-750x400-1.jpg 750w, https:\/\/www.radioamigavallenar.cl\/wp-content\/uploads\/2020\/03\/000_1pi6vk-750x400-1-300x160.jpg 300w\" sizes=\"auto, (max-width: 750px) 100vw, 750px\" \/><\/figure>\n\n\n\n<p>La eventual llegada del\u00a0Covid-19\u00a0a Chile y los casos de influenza que cada a\u00f1o registra el pa\u00eds, har\u00e1 que este oto\u00f1o-invierno sea un periodo de m\u00e1xima atenci\u00f3n para las autoridades y la poblaci\u00f3n en general.<\/p>\n\n\n\n<p>El Ministerio de Salud ha dispuesto de diversas acciones para tratar ambos virus. Por lo pronto,\u00a0este 16 de marzo comenzar\u00e1 la Campa\u00f1a de Vacunaci\u00f3n contra la Influenza,\u00a0donde los grupos de riesgos definidos por la autoridad son todas las embarazadas, personas mayores de 65 a\u00f1os, ni\u00f1os desde los seis meses hasta los 10 a\u00f1os y enfermos cr\u00f3nicos.<\/p>\n\n\n\n<p>Para el Covid-19, desde enero la autoridad sanitaria ha implementado diversas medidas: capacitaci\u00f3n a los equipos de salud, refuerzo de la red de vigilancia en aeropuertos, puertos mar\u00edtimos y terrestres, ampliaci\u00f3n de la capacidad diagn\u00f3stica de hospitales y elaboraci\u00f3n de protocolos para la pesquisa, entre otros.<\/p>\n\n\n\n<p>Pero \u00bfc\u00f3mo podemos conocer la diferencia entre el coronavirus surgido en China y la Influenza com\u00fan? El bioqu\u00edmico, doctor en ciencias biol\u00f3gicas y acad\u00e9mico de la U. San Sebasti\u00e1n, Alejandro Amoroso, lo explica.<\/p>\n\n\n\n<h2 class=\"has-text-align-center wp-block-heading\">Coronavirus Covid-19 e Influenza \u00bfse parecen en su forma de contagio?<\/h2>\n\n\n\n<p>\u2013 Primero aclarar que Covid-19 (Corona Virus Desease-2019) es el nombre de la enfermedad que causa el nuevo coronavirus 2019-nCoV.<\/p>\n\n\n\n<p>Tanto Covid-19 como el virus de influenza son virus de transmisi\u00f3n a\u00e9rea.\u00a0Se transmiten en general por v\u00eda respiratoria (boca y nariz) y por los ojos, a trav\u00e9s de las gotitas (aerosol) que producen los portadores cuando tosen, estornudan o hablan. Aunque tambi\u00e9n se puede transmitir por el contacto humano o por objetos o sustancias contaminadas.<\/p>\n\n\n\n<p>La mejor forma de prevenir el contagio es\u00a0lavarse las manos con frecuencia, evitar tocarse los ojos nariz y boca, evitar saludar de mano y evitar acercarse a enfermos.<\/p>\n\n\n\n<h2 class=\"has-text-align-center wp-block-heading\">\u00bfCu\u00e1l es el tratamiento para Covid-19 y para Influenza?<\/h2>\n\n\n\n<p>\u2013 En general para las infecciones virales s\u00f3lo se utilizan tratamientos paliativos de los s\u00edntomas, sin embargo, en algunos casos el m\u00e9dico puede recetar tratamiento antiviral.<\/p>\n\n\n\n<p>Para Covid-19 no existe un tratamiento antiviral espec\u00edfico recomendado.<strong>\u00a0<\/strong>Las personas con Covid-19 deben recibir atenci\u00f3n de apoyo para ayudar a aliviar los s\u00edntomas, dependiendo de la severidad del caso. Actualmente se est\u00e1n llevando a cabo ensayos cl\u00ednicos con antivirales empleados en otras enfermedades.<\/p>\n\n\n\n<p>Cabe destacar que, para el caso de la influenza existe una vacuna altamente efectiva.\u00a0Por lo tanto, la mejor prevenci\u00f3n es vacunarse todos los a\u00f1os. Para Covid-2019 hasta la fecha no existe vacuna ni tratamiento espec\u00edfico.<\/p>\n\n\n\n<h2 class=\"has-text-align-center wp-block-heading\">\u00bfCu\u00e1les son los riesgos de tener ambas enfermedades?<\/h2>\n\n\n\n<p>\u2013 Aunque todos estamos expuestos a contraer estos virus respiratorios, la poblaci\u00f3n de riesgo es aquella con alg\u00fan grado de compromiso en su sistema inmunol\u00f3gico, como adultos mayores o pacientes inmunosuprimidos. El resto de la poblaci\u00f3n, dif\u00edcilmente podr\u00eda tener una evoluci\u00f3n con riesgo de muerte.<\/p>\n\n\n\n<p>Alrededor del 80% de las infecciones del nuevo coronavirus se clasifican como leves, con un tiempo de recuperaci\u00f3n de alrededor de dos semanas, el 15% como graves y solo el 5% como cr\u00edticas, lo que puede incluir insuficiencia respiratoria y multiorg\u00e1nica, con un tiempo de recuperaci\u00f3n de entre 3 a 6 semanas.<\/p>\n\n\n\n<p>El periodo de incubaci\u00f3n medio es de 3 a 7 d\u00edas, con un m\u00e1ximo de 14.<\/p>\n\n\n\n<h2 class=\"has-text-align-center wp-block-heading\">\u00bfCu\u00e1les son los s\u00edntomas de Covid-19 e Influenza?<\/h2>\n\n\n\n<p>\u2013 Los s\u00edntomas comunes de\u00a0coronavirus\u00a0pueden incluir\u00a0fiebre, tos seca, dificultad para respirar, dolor muscular y fatiga.<\/p>\n\n\n\n<p>S\u00edntomas menos t\u00edpicos de coronavirus son acumulaci\u00f3n de flema, dolor de cabeza, diarrea. S\u00edntomas at\u00edpicos pueden ser secreci\u00f3n nasal y dolor de garganta.<\/p>\n\n\n\n<p>Una secreci\u00f3n nasal y dolor de garganta son signos t\u00edpicos de infecci\u00f3n de las v\u00edas respiratorias superiores. Por lo tanto, aquellos que tienen episodios de estornudos o resfriados probablemente tengan gripe o un resfriado com\u00fan.<\/p>\n\n\n\n<p>Como el nuevo coronavirus generalmente afecta el tracto respiratorio inferior, la mayor\u00eda de los infectados exhiben tos seca, dificultad para respirar o neumon\u00eda, pero no dolor de garganta.<\/p>\n\n\n\n<h2 class=\"has-text-align-center wp-block-heading\">\u00bfCu\u00e1l de los dos virus es m\u00e1s peligroso?<\/h2>\n\n\n\n<p><strong>\u2013 <\/strong>La tasa de mortalidad por el Covid-19 se estima de entre un 2-4% en China, y cerca del 0.7% en otros lugares.\u00a0Esto la hacer bastante menos mortal que otros virus similares como el SARS (10%), sin embargo, debido a su gran capacidad de propagaci\u00f3n se estima que podr\u00eda causar muchas m\u00e1s muertes.<\/p>\n\n\n\n<p>Al comparar este virus con la influenza com\u00fan, tenemos el caso opuesto.\u00a0La influenza tiene una tasa de mortalidad estimada de entre un 0.1% y 0.05%,\u00a0sin embargo, causa una gran cantidad de muertes al a\u00f1o. Se estima que solo en EE.UU. mueren cerca de 14.000 personas cada a\u00f1o de influenza.<\/p>\n","protected":false},"excerpt":{"rendered":"<p>La eventual llegada del\u00a0Covid-19\u00a0a Chile y los casos de influenza que cada a\u00f1o registra el pa\u00eds, har\u00e1 que este oto\u00f1o-invierno sea un periodo de m\u00e1xima&hellip; <\/p>\n","protected":false},"author":2,"featured_media":21598,"comment_status":"open","ping_status":"closed","sticky":false,"template":"","format":"standard","meta":{"footnotes":""},"categories":[37],"tags":[],"class_list":["post-21597","post","type-post","status-publish","format-standard","has-post-thumbnail","hentry","category-nacional"],"_links":{"self":[{"href":"https:\/\/www.radioamigavallenar.cl\/index.php?rest_route=\/wp\/v2\/posts\/21597","targetHints":{"allow":["GET"]}}],"collection":[{"href":"https:\/\/www.radioamigavallenar.cl\/index.php?rest_route=\/wp\/v2\/posts"}],"about":[{"href":"https:\/\/www.radioamigavallenar.cl\/index.php?rest_route=\/wp\/v2\/types\/post"}],"author":[{"embeddable":true,"href":"https:\/\/www.radioamigavallenar.cl\/index.php?rest_route=\/wp\/v2\/users\/2"}],"replies":[{"embeddable":true,"href":"https:\/\/www.radioamigavallenar.cl\/index.php?rest_route=%2Fwp%2Fv2%2Fcomments&post=21597"}],"version-history":[{"count":0,"href":"https:\/\/www.radioamigavallenar.cl\/index.php?rest_route=\/wp\/v2\/posts\/21597\/revisions"}],"wp:featuredmedia":[{"embeddable":true,"href":"https:\/\/www.radioamigavallenar.cl\/index.php?rest_route=\/wp\/v2\/media\/21598"}],"wp:attachment":[{"href":"https:\/\/www.radioamigavallenar.cl\/index.php?rest_route=%2Fwp%2Fv2%2Fmedia&parent=21597"}],"wp:term":[{"taxonomy":"category","embeddable":true,"href":"https:\/\/www.radioamigavallenar.cl\/index.php?rest_route=%2Fwp%2Fv2%2Fcategories&post=21597"},{"taxonomy":"post_tag","embeddable":true,"href":"https:\/\/www.radioamigavallenar.cl\/index.php?rest_route=%2Fwp%2Fv2%2Ftags&post=21597"}],"curies":[{"name":"wp","href":"https:\/\/api.w.org\/{rel}","templated":true}]}}