{"id":21585,"date":"2020-03-06T00:00:00","date_gmt":"2020-03-06T03:00:00","guid":{"rendered":"https:\/\/www.radioamigavallenar.cl\/?p=21585"},"modified":"2020-03-05T22:17:42","modified_gmt":"2020-03-06T01:17:42","slug":"el-ejercito-de-chile-modifica-requisitos-para-admitir-a-personas-con-tatuajes-en-sus-filas","status":"publish","type":"post","link":"https:\/\/www.radioamigavallenar.cl\/?p=21585","title":{"rendered":"El ej\u00e9rcito de Chile modifica requisitos para admitir a personas con tatuajes en sus filas"},"content":{"rendered":"\n<div class=\"wp-block-image\"><figure class=\"aligncenter size-large\"><img loading=\"lazy\" decoding=\"async\" width=\"751\" height=\"400\" src=\"https:\/\/www.radioamigavallenar.cl\/wp-content\/uploads\/2020\/03\/ejercito.png\" alt=\"\" class=\"wp-image-21586\" srcset=\"https:\/\/www.radioamigavallenar.cl\/wp-content\/uploads\/2020\/03\/ejercito.png 751w, https:\/\/www.radioamigavallenar.cl\/wp-content\/uploads\/2020\/03\/ejercito-300x160.png 300w\" sizes=\"auto, (max-width: 751px) 100vw, 751px\" \/><\/figure><\/div>\n\n\n\n<p><strong>El Ej\u00e9rcito resolvi\u00f3 modificar los requisitos de admisi\u00f3n para permitir que se incorporen a sus filas&nbsp;personas con tatuajes.<\/strong><\/p>\n\n\n\n<p>A esto se lleg\u00f3 tras un oficio del diputado Andr\u00e9s Celis, en que solicit\u00f3 informar sobre la factibilidad de modificar los requisitos de admisi\u00f3n respecto de los tatuajes.<\/p>\n\n\n\n<p>En su respuesta, el Ej\u00e9rcito inform\u00f3 que determin\u00f3 anular cualquier difusi\u00f3n anterior en relaci\u00f3n a ello, reemplazando los instructivos referidos al uso de tatuajes y sus limitaciones en el ingreso de los postulantes.<\/p>\n\n\n\n<p>\u201cSin duda este es un avance en la modernizaci\u00f3n de los criterios de entrada, teniendo presente la disminuci\u00f3n de interesados de pertenecer a cualquier rama de las Fuerzas Armadas, sin perjuicio de que a\u00fan sigue siendo necesario flexibilizarlos, considerando que en Chile, el 17% de los j\u00f3venes mayores de 15 a\u00f1os tiene al menos un tatuaje, porcentaje que va en incremento\u201d, argument\u00f3 Celis.<\/p>\n\n\n\n<p>En este sentido, dijo entender que \u201cexisten razones estrat\u00e9gicas que a\u00fan justifican mantener limitantes al uso de los tatuajes, por ello resulta fundamental aplicar criterios razonables y adecuados a nuestros tiempos\u201d.<\/p>\n\n\n\n<p>En adelante, el Ej\u00e9rcito aplicar\u00e1 un criterio \u00fanico que acepta el uso de tatuajes en postulantes a las escuelas matrices y a soldado de tropa profesional,<strong>&nbsp;\u201cexceptu\u00e1ndose s\u00f3lo el uso de \u00e9stos en las siguientes partes del cuerpo: cabeza, oreja, rostro, cuello y manos\u201d.<\/strong><\/p>\n\n\n\n<blockquote class=\"wp-block-quote is-layout-flow wp-block-quote-is-layout-flow\"><p><strong>\u201cAsimismo, ser\u00e1n considerados los siguientes par\u00e1metros los que deber\u00e1n cumplir aquellos postulantes que presenten actualmente tatuajes, previo a su continuidad como postulante a la instituci\u00f3n\u201d, explica el Ej\u00e9rcito, en listando dichos par\u00e1metros:<\/strong><\/p><p>a.- Los tatuajes no deben ser visibles cuando se use la tenida N\u00ba2 de salida.<\/p><p>b.- Si los tatuajes est\u00e1n en proceso de borrado, no debe ser considerado como una limitante para que un postulante pueda ser aceptado en un instituto matriz o al proceso de soldado de ropa profesional.<\/p><p>c.- En los brazos, sus dimensiones no deben superar los 10 cms. por cada extremidad.<\/p><p>d.- Para el caso de las piernas, no deben cubrir m\u00e1s del 20% de cada extremidad.<\/p><p>e.- Se prohibir\u00e1n los tatuajes en cualquier parte del cuerpo, con motivos extremistas, ofensivos, discriminatorios, sexistas y racistas, ya que \u00e9stos son perjudiciales para la disciplina militar y est\u00e1n contra las normas que rigen nuestra sociedad.<\/p><\/blockquote>\n","protected":false},"excerpt":{"rendered":"<p>El Ej\u00e9rcito resolvi\u00f3 modificar los requisitos de admisi\u00f3n para permitir que se incorporen a sus filas&nbsp;personas con tatuajes. A esto se lleg\u00f3 tras un oficio&hellip; <\/p>\n","protected":false},"author":2,"featured_media":21586,"comment_status":"open","ping_status":"closed","sticky":false,"template":"","format":"standard","meta":{"footnotes":""},"categories":[37],"tags":[],"class_list":["post-21585","post","type-post","status-publish","format-standard","has-post-thumbnail","hentry","category-nacional"],"_links":{"self":[{"href":"https:\/\/www.radioamigavallenar.cl\/index.php?rest_route=\/wp\/v2\/posts\/21585","targetHints":{"allow":["GET"]}}],"collection":[{"href":"https:\/\/www.radioamigavallenar.cl\/index.php?rest_route=\/wp\/v2\/posts"}],"about":[{"href":"https:\/\/www.radioamigavallenar.cl\/index.php?rest_route=\/wp\/v2\/types\/post"}],"author":[{"embeddable":true,"href":"https:\/\/www.radioamigavallenar.cl\/index.php?rest_route=\/wp\/v2\/users\/2"}],"replies":[{"embeddable":true,"href":"https:\/\/www.radioamigavallenar.cl\/index.php?rest_route=%2Fwp%2Fv2%2Fcomments&post=21585"}],"version-history":[{"count":0,"href":"https:\/\/www.radioamigavallenar.cl\/index.php?rest_route=\/wp\/v2\/posts\/21585\/revisions"}],"wp:featuredmedia":[{"embeddable":true,"href":"https:\/\/www.radioamigavallenar.cl\/index.php?rest_route=\/wp\/v2\/media\/21586"}],"wp:attachment":[{"href":"https:\/\/www.radioamigavallenar.cl\/index.php?rest_route=%2Fwp%2Fv2%2Fmedia&parent=21585"}],"wp:term":[{"taxonomy":"category","embeddable":true,"href":"https:\/\/www.radioamigavallenar.cl\/index.php?rest_route=%2Fwp%2Fv2%2Fcategories&post=21585"},{"taxonomy":"post_tag","embeddable":true,"href":"https:\/\/www.radioamigavallenar.cl\/index.php?rest_route=%2Fwp%2Fv2%2Ftags&post=21585"}],"curies":[{"name":"wp","href":"https:\/\/api.w.org\/{rel}","templated":true}]}}