{"id":21572,"date":"2020-03-06T00:00:00","date_gmt":"2020-03-06T03:00:00","guid":{"rendered":"https:\/\/www.radioamigavallenar.cl\/?p=21572"},"modified":"2020-03-05T22:04:22","modified_gmt":"2020-03-06T01:04:22","slug":"fiscalia-dirigio-investigacion-que-permitio-incautar-droga-armas-explosivos-municiones-y-precursores-quimicos","status":"publish","type":"post","link":"https:\/\/www.radioamigavallenar.cl\/?p=21572","title":{"rendered":"Fiscal\u00eda dirigi\u00f3 investigaci\u00f3n que permiti\u00f3 incautar droga, armas, explosivos, municiones y precursores qu\u00edmicos"},"content":{"rendered":"\n<div class=\"wp-block-image\"><figure class=\"aligncenter size-large\"><img loading=\"lazy\" decoding=\"async\" width=\"900\" height=\"675\" src=\"https:\/\/www.radioamigavallenar.cl\/wp-content\/uploads\/2020\/03\/PHOTO-2020-03-05-16-51-18-scaled-1.jpg\" alt=\"\" class=\"wp-image-21574\" srcset=\"https:\/\/www.radioamigavallenar.cl\/wp-content\/uploads\/2020\/03\/PHOTO-2020-03-05-16-51-18-scaled-1.jpg 900w, https:\/\/www.radioamigavallenar.cl\/wp-content\/uploads\/2020\/03\/PHOTO-2020-03-05-16-51-18-scaled-1-300x225.jpg 300w, https:\/\/www.radioamigavallenar.cl\/wp-content\/uploads\/2020\/03\/PHOTO-2020-03-05-16-51-18-scaled-1-768x576.jpg 768w\" sizes=\"auto, (max-width: 900px) 100vw, 900px\" \/><\/figure><\/div>\n\n\n\n<p>Indagatoria desarrollada junto al OS-7 de Carabineros llev\u00f3 a la detenci\u00f3n de dos personas, quienes fueron formalizados este jueves y quedaron bajo la medida cautelar de prisi\u00f3n preventiva.<\/p>\n\n\n\n<p><strong><\/strong>La Fiscal\u00eda de Atacama formaliz\u00f3 este jueves a dos personas, quienes fueron detenidos a partir de una investigaci\u00f3n por el delito de tr\u00e1fico de droga que se desarroll\u00f3 en Copiap\u00f3 y que determin\u00f3 la comisi\u00f3n de distintos hechos de car\u00e1cter delictual.<\/p>\n\n\n\n<p>Los antecedentes del caso fueron argumentados en la audiencia de formalizaci\u00f3n por parte del fiscal de la causa, Leonel Ibacache V\u00e9liz, quien indic\u00f3 que junto a personal del OS-7 de Carabineros, sigui\u00f3 una l\u00ednea investigativa a partir de antecedentes que se conocieron respecto de un il\u00edcito de tr\u00e1fico de droga. El cual se ven\u00eda cometiendo hace seis meses en la capital regional.<\/p>\n\n\n\n<p>Respecto de ello, indic\u00f3 que con la realizaci\u00f3n de distintas diligencias se estableci\u00f3 que uno de los imputados se dedicaba a la venta de droga en esta comuna, pudiendo advertir el momento en que \u00e9ste ingres\u00f3 a una vivienda para luego salir con una bolsa pl\u00e1stica en su poder. Momento en que fue fiscalizado por personal policial, quienes determinaron que portaba 62 gramos de marihuana.<\/p>\n\n\n\n<p>\u201cA partir de este antecedente se obtuvo una orden judicial de entrada y registr\u00f3 al inmueble, el que era ocupado para abultar droga pues en su interior se encontraron distintos precursores qu\u00edmicos como soda c\u00e1ustica y \u00e1cido muri\u00e1tico\u201d, dijo el fiscal.<\/p>\n\n\n\n<figure class=\"wp-block-audio\"><audio controls src=\"https:\/\/www.radioamigavallenar.cl\/wp-content\/uploads\/2020\/03\/CU\u00d1A-FISCAL-LEONEL-IBACACHE-DROGA-ARMAS.mp3\"><\/audio><\/figure>\n\n\n\n<p>El persecutor agreg\u00f3 que en el lugar Carabineros incaut\u00f3 alrededor de 6 kilos de marihuana oculta en envases pl\u00e1sticos de suplementos alimenticios y m\u00e1s de 31 kilos de pasta base de coca\u00edna.<\/p>\n\n\n\n<p>En la audiencia se conoci\u00f3 tambi\u00e9n que durante este procedimiento se encontraron distintas armas de fuego, municiones, una chaqueta de la PDI, un chaleco antibalas y una cantidad importante de explosivos.<\/p>\n\n\n\n<p>El trabajo investigativo continu\u00f3 en un departamento cercano al lugar de la primera diligencia, lugar donde se detuvo al segundo imputado. Dependencias en que se incautaron tres bolsas con marihuana, otras armas de fuego y m\u00e1s explosivos. Mientras que a partir del trabajo de investigaci\u00f3n de este caso se procedi\u00f3 a incautar cuatro veh\u00edculos que se presume fueron adquiridos con el dinero generado con la venta de droga.<\/p>\n\n\n\n<p>Por estos hechos, el fiscal formaliz\u00f3 la causa por los delitos de tr\u00e1fico de drogas, tenencia de armas de fuego, tenencia de municiones, posesi\u00f3n de precursores qu\u00edmicos, tenencia de armas prohibidas, tenencia ilegal de explosivos y lavado de activos. Solicitando en contra de los imputados la prisi\u00f3n preventiva por considerarlos un peligro para la seguridad de la sociedad al ser il\u00edcitos que contemplan una alta sanci\u00f3n penal, solicitud a la que accedi\u00f3 la Jueza de turno quien orden\u00f3 el ingreso de los detenidos a la c\u00e1rcel de Copiap\u00f3.<\/p>\n\n\n\n<p>Finalmente, y a petici\u00f3n del fiscal del caso, se fij\u00f3 un plazo de investigaci\u00f3n de cinco meses.<\/p>\n","protected":false},"excerpt":{"rendered":"<p>Indagatoria desarrollada junto al OS-7 de Carabineros llev\u00f3 a la detenci\u00f3n de dos personas, quienes fueron formalizados este jueves y quedaron bajo la medida cautelar&hellip; <\/p>\n","protected":false},"author":2,"featured_media":21574,"comment_status":"open","ping_status":"closed","sticky":false,"template":"","format":"standard","meta":{"footnotes":""},"categories":[7,6],"tags":[],"class_list":["post-21572","post","type-post","status-publish","format-standard","has-post-thumbnail","hentry","category-atacama","category-policial"],"_links":{"self":[{"href":"https:\/\/www.radioamigavallenar.cl\/index.php?rest_route=\/wp\/v2\/posts\/21572","targetHints":{"allow":["GET"]}}],"collection":[{"href":"https:\/\/www.radioamigavallenar.cl\/index.php?rest_route=\/wp\/v2\/posts"}],"about":[{"href":"https:\/\/www.radioamigavallenar.cl\/index.php?rest_route=\/wp\/v2\/types\/post"}],"author":[{"embeddable":true,"href":"https:\/\/www.radioamigavallenar.cl\/index.php?rest_route=\/wp\/v2\/users\/2"}],"replies":[{"embeddable":true,"href":"https:\/\/www.radioamigavallenar.cl\/index.php?rest_route=%2Fwp%2Fv2%2Fcomments&post=21572"}],"version-history":[{"count":0,"href":"https:\/\/www.radioamigavallenar.cl\/index.php?rest_route=\/wp\/v2\/posts\/21572\/revisions"}],"wp:featuredmedia":[{"embeddable":true,"href":"https:\/\/www.radioamigavallenar.cl\/index.php?rest_route=\/wp\/v2\/media\/21574"}],"wp:attachment":[{"href":"https:\/\/www.radioamigavallenar.cl\/index.php?rest_route=%2Fwp%2Fv2%2Fmedia&parent=21572"}],"wp:term":[{"taxonomy":"category","embeddable":true,"href":"https:\/\/www.radioamigavallenar.cl\/index.php?rest_route=%2Fwp%2Fv2%2Fcategories&post=21572"},{"taxonomy":"post_tag","embeddable":true,"href":"https:\/\/www.radioamigavallenar.cl\/index.php?rest_route=%2Fwp%2Fv2%2Ftags&post=21572"}],"curies":[{"name":"wp","href":"https:\/\/api.w.org\/{rel}","templated":true}]}}