{"id":21565,"date":"2020-03-05T13:37:44","date_gmt":"2020-03-05T16:37:44","guid":{"rendered":"https:\/\/www.radioamigavallenar.cl\/?p=21565"},"modified":"2020-03-05T13:37:45","modified_gmt":"2020-03-05T16:37:45","slug":"balance-primer-dia-de-clases-en-la-comuna-de-vallenar","status":"publish","type":"post","link":"https:\/\/www.radioamigavallenar.cl\/?p=21565","title":{"rendered":"Balance primer d\u00eda de clases en la comuna de Vallenar"},"content":{"rendered":"\n<figure class=\"wp-block-image size-large\"><img loading=\"lazy\" decoding=\"async\" width=\"1024\" height=\"768\" src=\"https:\/\/www.radioamigavallenar.cl\/wp-content\/uploads\/2020\/03\/IMG_20200102_130320519-scaled-1-1024x768.jpg\" alt=\"\" class=\"wp-image-21569\" srcset=\"https:\/\/www.radioamigavallenar.cl\/wp-content\/uploads\/2020\/03\/IMG_20200102_130320519-scaled-1-1024x768.jpg 1024w, https:\/\/www.radioamigavallenar.cl\/wp-content\/uploads\/2020\/03\/IMG_20200102_130320519-scaled-1-300x225.jpg 300w, https:\/\/www.radioamigavallenar.cl\/wp-content\/uploads\/2020\/03\/IMG_20200102_130320519-scaled-1-768x576.jpg 768w, https:\/\/www.radioamigavallenar.cl\/wp-content\/uploads\/2020\/03\/IMG_20200102_130320519-scaled-1-1536x1152.jpg 1536w, https:\/\/www.radioamigavallenar.cl\/wp-content\/uploads\/2020\/03\/IMG_20200102_130320519-scaled-1-2048x1536.jpg 2048w\" sizes=\"auto, (max-width: 1024px) 100vw, 1024px\" \/><\/figure>\n\n\n\n<p>Hoy en la ma\u00f1ana estuvimos realizando del\nprimer d\u00eda de clases donde es sabido en nuestra comuna hay muchos punto\ncr\u00edticos tales como el cruce carretera de Av. Huasco, calle merced con talca\ndonde se encuentra el Liceo Santa Marta entre otros.<\/p>\n\n\n\n<p>En la ma\u00f1ana estuvimos con Jorge torres\u00a0 para que nos dio su balance del tr\u00e1nsito en este primer d\u00eda de clases y nos se\u00f1alo que la nueva rotonda ubicada en el cruce Huasco hoy tuvo su prueba de fuego, y \u00a0funciono muy bien\u00a0 ya que ya no se hace el taco que se ocasionaban otros a\u00f1os en ese sector. adem\u00e1s el punto critico que se origina en calle chungara para empalmar con rio Huasco\u00a0 que al igual que a\u00f1os anteriores,\u00a0 \u00a0\u00a0<\/p>\n\n\n\n<figure class=\"wp-block-audio\"><audio controls src=\"https:\/\/www.radioamigavallenar.cl\/wp-content\/uploads\/2020\/03\/JORGE-TORRES-01-.mp3\"><\/audio><\/figure>\n\n\n\n<p>El director de tr\u00e1nsito hizo un llamado\npara que las personas salieran unos minutos antes para evitar los diferentes\ntacos que se originan desde las 07:40 hasta las 08:10 aproximadamente &nbsp;<\/p>\n\n\n\n<figure class=\"wp-block-audio\"><audio controls src=\"https:\/\/www.radioamigavallenar.cl\/wp-content\/uploads\/2020\/03\/JORGE-TORRES-02.mp3\"><\/audio><\/figure>\n\n\n\n<p>En tanto por parte de carabineros conversamos con el capit\u00e1n Luis Sandoval,\u00a0 que nos se\u00f1alo que por parte de la tercera comisaria \u00a0se dispusieron\u00a0 servicio de transito para poder velar por los estudiantes <\/p>\n\n\n\n<figure class=\"wp-block-audio\"><audio controls src=\"https:\/\/www.radioamigavallenar.cl\/wp-content\/uploads\/2020\/03\/LUIS-SANDOBAL.mp3\"><\/audio><\/figure>\n","protected":false},"excerpt":{"rendered":"<p>Hoy en la ma\u00f1ana estuvimos realizando del primer d\u00eda de clases donde es sabido en nuestra comuna hay muchos punto cr\u00edticos tales como el cruce&hellip; <\/p>\n","protected":false},"author":2,"featured_media":21569,"comment_status":"open","ping_status":"closed","sticky":false,"template":"","format":"standard","meta":{"footnotes":""},"categories":[1,2],"tags":[],"class_list":["post-21565","post","type-post","status-publish","format-standard","has-post-thumbnail","hentry","category-provincia-del-huasco-2","category-vallenar"],"_links":{"self":[{"href":"https:\/\/www.radioamigavallenar.cl\/index.php?rest_route=\/wp\/v2\/posts\/21565","targetHints":{"allow":["GET"]}}],"collection":[{"href":"https:\/\/www.radioamigavallenar.cl\/index.php?rest_route=\/wp\/v2\/posts"}],"about":[{"href":"https:\/\/www.radioamigavallenar.cl\/index.php?rest_route=\/wp\/v2\/types\/post"}],"author":[{"embeddable":true,"href":"https:\/\/www.radioamigavallenar.cl\/index.php?rest_route=\/wp\/v2\/users\/2"}],"replies":[{"embeddable":true,"href":"https:\/\/www.radioamigavallenar.cl\/index.php?rest_route=%2Fwp%2Fv2%2Fcomments&post=21565"}],"version-history":[{"count":0,"href":"https:\/\/www.radioamigavallenar.cl\/index.php?rest_route=\/wp\/v2\/posts\/21565\/revisions"}],"wp:featuredmedia":[{"embeddable":true,"href":"https:\/\/www.radioamigavallenar.cl\/index.php?rest_route=\/wp\/v2\/media\/21569"}],"wp:attachment":[{"href":"https:\/\/www.radioamigavallenar.cl\/index.php?rest_route=%2Fwp%2Fv2%2Fmedia&parent=21565"}],"wp:term":[{"taxonomy":"category","embeddable":true,"href":"https:\/\/www.radioamigavallenar.cl\/index.php?rest_route=%2Fwp%2Fv2%2Fcategories&post=21565"},{"taxonomy":"post_tag","embeddable":true,"href":"https:\/\/www.radioamigavallenar.cl\/index.php?rest_route=%2Fwp%2Fv2%2Ftags&post=21565"}],"curies":[{"name":"wp","href":"https:\/\/api.w.org\/{rel}","templated":true}]}}