{"id":21562,"date":"2020-03-05T11:03:53","date_gmt":"2020-03-05T14:03:53","guid":{"rendered":"https:\/\/www.radioamigavallenar.cl\/?p=21562"},"modified":"2020-03-05T11:03:54","modified_gmt":"2020-03-05T14:03:54","slug":"hoy-jueves-daran-a-conocer-resultados-de-caso-sospechoso-de-coronavirus-en-hospital-san-jose-del-carmen-de-copiapo","status":"publish","type":"post","link":"https:\/\/www.radioamigavallenar.cl\/?p=21562","title":{"rendered":"Hoy jueves dar\u00e1n a conocer resultados de caso sospechoso de coronavirus en hospital San Jos\u00e9 del Carmen de Copiap\u00f3"},"content":{"rendered":"\n<figure class=\"wp-block-image size-large\"><img loading=\"lazy\" decoding=\"async\" width=\"705\" height=\"529\" src=\"https:\/\/www.radioamigavallenar.cl\/wp-content\/uploads\/2020\/03\/shutterstock-1623906988_27182948542.jpg\" alt=\"\" class=\"wp-image-21563\" srcset=\"https:\/\/www.radioamigavallenar.cl\/wp-content\/uploads\/2020\/03\/shutterstock-1623906988_27182948542.jpg 705w, https:\/\/www.radioamigavallenar.cl\/wp-content\/uploads\/2020\/03\/shutterstock-1623906988_27182948542-300x225.jpg 300w\" sizes=\"auto, (max-width: 705px) 100vw, 705px\" \/><\/figure>\n\n\n\n<p>Paciente est\u00e1 siendo sometido a ex\u00e1menes en principal recinto hospitalario de Copiap\u00f3. resultados se dar\u00e1n a conocer&nbsp; este jueves.<\/p>\n\n\n\n<p>Durante la noche de este mi\u00e9rcoles un comunicado emanado desde la Unidad de Comunicaciones y Participaci\u00f3n Ciudadana Servicio de Salud de Atacama, se\u00f1alaba&nbsp; lo siguiente.<\/p>\n\n\n\n<p>\u201cComo Servicio de Salud de Atacama informamos que durante la noche de este mi\u00e9rcoles 4 de marzo se activaron los protocolos establecidos por caso sospechoso de Coronavirus.<\/p>\n\n\n\n<p>Se trata de un paciente que se encuentra estable y que present\u00f3 s\u00edntomas asociados a la enfermedad. Fue evaluado en un centro de salud privado para luego ser derivado hasta uno de los recintos de referencias de la regi\u00f3n de Atacama establecidos para la atenci\u00f3n de COVID -19, en este caso, el Hospital Regional de Copiap\u00f3.<\/p>\n\n\n\n<p>En dicho centro de salud se evaluar\u00e1 al paciente de acuerdo a los protocolos establecidos por las autoridades y equipos de salud para atenci\u00f3n y confirmaci\u00f3n de diagn\u00f3stico. Permanecer\u00e1 en observaci\u00f3n bajo la supervisi\u00f3n del equipo cl\u00ednico.<\/p>\n\n\n\n<p>Reiteramos el llamado de tranquilidad a la comunidad y seguir las recomendaciones indicadas por las autoridades de salud como lavarse las manos frecuentemente con agua y jab\u00f3n; al toser o estornudar cubra boca y nariz con pa\u00f1uelo desechable o con el antebrazo y evitar tocar o acercarse a personas con infecciones respiratorias\u201d.<\/p>\n\n\n\n<p>En el transcurso de este jueves se dar\u00e1n a conocer m\u00e1s detalles de esta situaci\u00f3n de sospecha de caso de coronavirus en el hospital regional San Jos\u00e9 del Carmen de la capital de Atacama.<\/p>\n","protected":false},"excerpt":{"rendered":"<p>Paciente est\u00e1 siendo sometido a ex\u00e1menes en principal recinto hospitalario de Copiap\u00f3. resultados se dar\u00e1n a conocer&nbsp; este jueves. Durante la noche de este mi\u00e9rcoles&hellip; <\/p>\n","protected":false},"author":2,"featured_media":21563,"comment_status":"open","ping_status":"closed","sticky":false,"template":"","format":"standard","meta":{"footnotes":""},"categories":[7],"tags":[],"class_list":["post-21562","post","type-post","status-publish","format-standard","has-post-thumbnail","hentry","category-atacama"],"_links":{"self":[{"href":"https:\/\/www.radioamigavallenar.cl\/index.php?rest_route=\/wp\/v2\/posts\/21562","targetHints":{"allow":["GET"]}}],"collection":[{"href":"https:\/\/www.radioamigavallenar.cl\/index.php?rest_route=\/wp\/v2\/posts"}],"about":[{"href":"https:\/\/www.radioamigavallenar.cl\/index.php?rest_route=\/wp\/v2\/types\/post"}],"author":[{"embeddable":true,"href":"https:\/\/www.radioamigavallenar.cl\/index.php?rest_route=\/wp\/v2\/users\/2"}],"replies":[{"embeddable":true,"href":"https:\/\/www.radioamigavallenar.cl\/index.php?rest_route=%2Fwp%2Fv2%2Fcomments&post=21562"}],"version-history":[{"count":0,"href":"https:\/\/www.radioamigavallenar.cl\/index.php?rest_route=\/wp\/v2\/posts\/21562\/revisions"}],"wp:featuredmedia":[{"embeddable":true,"href":"https:\/\/www.radioamigavallenar.cl\/index.php?rest_route=\/wp\/v2\/media\/21563"}],"wp:attachment":[{"href":"https:\/\/www.radioamigavallenar.cl\/index.php?rest_route=%2Fwp%2Fv2%2Fmedia&parent=21562"}],"wp:term":[{"taxonomy":"category","embeddable":true,"href":"https:\/\/www.radioamigavallenar.cl\/index.php?rest_route=%2Fwp%2Fv2%2Fcategories&post=21562"},{"taxonomy":"post_tag","embeddable":true,"href":"https:\/\/www.radioamigavallenar.cl\/index.php?rest_route=%2Fwp%2Fv2%2Ftags&post=21562"}],"curies":[{"name":"wp","href":"https:\/\/api.w.org\/{rel}","templated":true}]}}