{"id":21555,"date":"2020-03-05T00:00:00","date_gmt":"2020-03-05T03:00:00","guid":{"rendered":"https:\/\/www.radioamigavallenar.cl\/?p=21555"},"modified":"2020-03-04T22:29:04","modified_gmt":"2020-03-05T01:29:04","slug":"confirman-tercer-caso-de-coronavirus-covid-19-en-chile-es-el-primero-en-la-region-metropolitana","status":"publish","type":"post","link":"https:\/\/www.radioamigavallenar.cl\/?p=21555","title":{"rendered":"Confirman tercer caso de Coronavirus Covid-19 en Chile: es el primero en la regi\u00f3n Metropolitana"},"content":{"rendered":"\n<div class=\"wp-block-image\"><figure class=\"aligncenter size-large\"><img loading=\"lazy\" decoding=\"async\" width=\"750\" height=\"400\" src=\"https:\/\/www.radioamigavallenar.cl\/wp-content\/uploads\/2020\/03\/coronavirus-aeropuerto-scl.jpg\" alt=\"\" class=\"wp-image-21556\" srcset=\"https:\/\/www.radioamigavallenar.cl\/wp-content\/uploads\/2020\/03\/coronavirus-aeropuerto-scl.jpg 750w, https:\/\/www.radioamigavallenar.cl\/wp-content\/uploads\/2020\/03\/coronavirus-aeropuerto-scl-300x160.jpg 300w\" sizes=\"auto, (max-width: 750px) 100vw, 750px\" \/><\/figure><\/div>\n\n\n\n<p>La tarde de ayer mi\u00e9rcoles el Ministerio de Salud confirm\u00f3 un tercer caso de\u00a0coronavirus Covid-19<strong>\u00a0<\/strong>en Chile.<\/p>\n\n\n\n<p>Se trata de una persona de 56 a\u00f1os, residente en la regi\u00f3n Metropolitana, con antecedente de viaje a Europa, donde visit\u00f3 varios pa\u00edses incluyendo el\u00a0norte de Italia, siendo el primer caso que viene de dicho pa\u00eds.<\/p>\n\n\n\n<p>La paciente fue dada de alta y quedar\u00e1 bajo vigilancia epidemiol\u00f3gica en su domicilio, confirm\u00f3 el Minsal.<\/p>\n\n\n\n<p>El caso fue notificado por la Cl\u00ednica Alemana desde su Servicio de Urgencia Vitacura, siendo confirmado por el Instituto de Salud P\u00fablica (ISP).<\/p>\n\n\n\n<p>La persona present\u00f3 ayer sintomatolog\u00eda asociada a un cuadro respiratorio: fiebre, tos, dolor de cabeza y actualmente, se encuentra en buenas condiciones generales de salud.<\/p>\n\n\n\n<h2 class=\"has-text-align-center wp-block-heading\">Tercer caso a nivel nacional<\/h2>\n\n\n\n<p>La noticia llega luego de que este martes se confirmara el primer caso y este mi\u00e9rcoles el segundo, siendo un m\u00e9dico de 33 a\u00f1os y una enfermera de la misma edad.<\/p>\n\n\n\n<p>Ambos son pareja, residentes de San Javier en la regi\u00f3n del Maule, quienes llegaron a Chile el 25 de febrero tras viajar por el sudeste asi\u00e1tico y por Espa\u00f1a.<br><\/p>\n","protected":false},"excerpt":{"rendered":"<p>La tarde de ayer mi\u00e9rcoles el Ministerio de Salud confirm\u00f3 un tercer caso de\u00a0coronavirus Covid-19\u00a0en Chile. Se trata de una persona de 56 a\u00f1os, residente&hellip; <\/p>\n","protected":false},"author":2,"featured_media":21556,"comment_status":"open","ping_status":"closed","sticky":false,"template":"","format":"standard","meta":{"footnotes":""},"categories":[37],"tags":[],"class_list":["post-21555","post","type-post","status-publish","format-standard","has-post-thumbnail","hentry","category-nacional"],"_links":{"self":[{"href":"https:\/\/www.radioamigavallenar.cl\/index.php?rest_route=\/wp\/v2\/posts\/21555","targetHints":{"allow":["GET"]}}],"collection":[{"href":"https:\/\/www.radioamigavallenar.cl\/index.php?rest_route=\/wp\/v2\/posts"}],"about":[{"href":"https:\/\/www.radioamigavallenar.cl\/index.php?rest_route=\/wp\/v2\/types\/post"}],"author":[{"embeddable":true,"href":"https:\/\/www.radioamigavallenar.cl\/index.php?rest_route=\/wp\/v2\/users\/2"}],"replies":[{"embeddable":true,"href":"https:\/\/www.radioamigavallenar.cl\/index.php?rest_route=%2Fwp%2Fv2%2Fcomments&post=21555"}],"version-history":[{"count":0,"href":"https:\/\/www.radioamigavallenar.cl\/index.php?rest_route=\/wp\/v2\/posts\/21555\/revisions"}],"wp:featuredmedia":[{"embeddable":true,"href":"https:\/\/www.radioamigavallenar.cl\/index.php?rest_route=\/wp\/v2\/media\/21556"}],"wp:attachment":[{"href":"https:\/\/www.radioamigavallenar.cl\/index.php?rest_route=%2Fwp%2Fv2%2Fmedia&parent=21555"}],"wp:term":[{"taxonomy":"category","embeddable":true,"href":"https:\/\/www.radioamigavallenar.cl\/index.php?rest_route=%2Fwp%2Fv2%2Fcategories&post=21555"},{"taxonomy":"post_tag","embeddable":true,"href":"https:\/\/www.radioamigavallenar.cl\/index.php?rest_route=%2Fwp%2Fv2%2Ftags&post=21555"}],"curies":[{"name":"wp","href":"https:\/\/api.w.org\/{rel}","templated":true}]}}