{"id":21546,"date":"2020-03-05T00:00:00","date_gmt":"2020-03-05T03:00:00","guid":{"rendered":"https:\/\/www.radioamigavallenar.cl\/?p=21546"},"modified":"2020-03-04T22:17:45","modified_gmt":"2020-03-05T01:17:45","slug":"presidenta-del-colegio-medico-sospecho-que-pasaremos-el-invierno-sin-vacuna-para-el-coronavirus","status":"publish","type":"post","link":"https:\/\/www.radioamigavallenar.cl\/?p=21546","title":{"rendered":"Presidenta del Colegio M\u00e9dico: Sospecho que pasaremos el invierno sin vacuna para el coronavirus"},"content":{"rendered":"\n<div class=\"wp-block-image\"><figure class=\"aligncenter size-large\"><img loading=\"lazy\" decoding=\"async\" width=\"900\" height=\"507\" src=\"https:\/\/www.radioamigavallenar.cl\/wp-content\/uploads\/2020\/03\/foto_0000000120200304091032-scaled-1.jpg\" alt=\"\" class=\"wp-image-21547\" srcset=\"https:\/\/www.radioamigavallenar.cl\/wp-content\/uploads\/2020\/03\/foto_0000000120200304091032-scaled-1.jpg 900w, https:\/\/www.radioamigavallenar.cl\/wp-content\/uploads\/2020\/03\/foto_0000000120200304091032-scaled-1-300x169.jpg 300w, https:\/\/www.radioamigavallenar.cl\/wp-content\/uploads\/2020\/03\/foto_0000000120200304091032-scaled-1-768x433.jpg 768w\" sizes=\"auto, (max-width: 900px) 100vw, 900px\" \/><\/figure><\/div>\n\n\n\n<p>Izkia Siches dijo que es m\u00e1s probable que un eventual m\u00e9todo de inmunizaci\u00f3n llegue a Chile el pr\u00f3ximo a\u00f1o La doctora prev\u00e9 que antivirales contra el Covid-19 tambi\u00e9n est\u00e9n disponibles en 2021.<\/p>\n\n\n\n<p>Tras la confirmaci\u00f3n del\u00a0primer caso de coronavirus en el pa\u00eds, la presidenta del Colegio M\u00e9dico,\u00a0Izkia Siches, se\u00f1al\u00f3 que\u00a0\u00absospecho que vamos a pasar el invierno completo sin que la vacuna est\u00e9 disponible\u00bb.<\/p>\n\n\n\n<p>En entrevista con\u00a0la doctora explic\u00f3 que \u00abdesde su elaboraci\u00f3n y (cuando) ya est\u00e9 clara la vacuna, despu\u00e9s queda una etapa de producci\u00f3n, y esa tiene alg\u00fan tiempo de latencia\u00bb.<\/p>\n\n\n\n<p>\u00abLamentablemente sospecho que vamos a pasar el invierno completo sin que la vacuna est\u00e9 disponible, pero\u00a0lo m\u00e1s probable es que para el pr\u00f3ximo invierno vamos a tener una disponible, y es muy probable que tengamos previamente antivirales ya presentados por parte de la industria\u00bb, sostuvo.<\/p>\n\n\n\n<p>Sin embargo, los antivirales tambi\u00e9n podr\u00edan tomar tiempo en llegar al pa\u00eds, seg\u00fan Siches, ya que el llamado Covid-19 no tiene tantas similitudes con virus como el SARS y el MERS.<\/p>\n\n\n\n<p>Respecto a\u00a0las medidas que anunci\u00f3 el Minsal antes de la primera confirmaci\u00f3n, Siches se\u00f1al\u00f3 que si bien\u00a0los controles preventivos en el aeropuerto se demoraron en ser la norma, el sistema ahora aparenta ser regular, al menos en cuanto a\u00a0la toma de declaraci\u00f3n jurada\u00a0y derivaci\u00f3n de pacientes a centros de salud.<\/p>\n\n\n\n<p>Sin embargo, admiti\u00f3 que \u00ablos protocolos en puertas de entradas son medidas necesarias, pero hay que entender que\u00a0los virus muchas veces no conocen de fronteras\u00a0y estos casos van a llegar igual al pa\u00eds\u00bb.<\/p>\n\n\n\n<p>\u00abLa idea es aprovechar esa ventana sobre todo en pacientes que ya vengan muy sintom\u00e1ticos, y poder detectarlos\u00bb, remarc\u00f3 la presidenta del Colmed.<\/p>\n","protected":false},"excerpt":{"rendered":"<p>Izkia Siches dijo que es m\u00e1s probable que un eventual m\u00e9todo de inmunizaci\u00f3n llegue a Chile el pr\u00f3ximo a\u00f1o La doctora prev\u00e9 que antivirales contra&hellip; <\/p>\n","protected":false},"author":2,"featured_media":21547,"comment_status":"open","ping_status":"closed","sticky":false,"template":"","format":"standard","meta":{"footnotes":""},"categories":[37],"tags":[],"class_list":["post-21546","post","type-post","status-publish","format-standard","has-post-thumbnail","hentry","category-nacional"],"_links":{"self":[{"href":"https:\/\/www.radioamigavallenar.cl\/index.php?rest_route=\/wp\/v2\/posts\/21546","targetHints":{"allow":["GET"]}}],"collection":[{"href":"https:\/\/www.radioamigavallenar.cl\/index.php?rest_route=\/wp\/v2\/posts"}],"about":[{"href":"https:\/\/www.radioamigavallenar.cl\/index.php?rest_route=\/wp\/v2\/types\/post"}],"author":[{"embeddable":true,"href":"https:\/\/www.radioamigavallenar.cl\/index.php?rest_route=\/wp\/v2\/users\/2"}],"replies":[{"embeddable":true,"href":"https:\/\/www.radioamigavallenar.cl\/index.php?rest_route=%2Fwp%2Fv2%2Fcomments&post=21546"}],"version-history":[{"count":0,"href":"https:\/\/www.radioamigavallenar.cl\/index.php?rest_route=\/wp\/v2\/posts\/21546\/revisions"}],"wp:featuredmedia":[{"embeddable":true,"href":"https:\/\/www.radioamigavallenar.cl\/index.php?rest_route=\/wp\/v2\/media\/21547"}],"wp:attachment":[{"href":"https:\/\/www.radioamigavallenar.cl\/index.php?rest_route=%2Fwp%2Fv2%2Fmedia&parent=21546"}],"wp:term":[{"taxonomy":"category","embeddable":true,"href":"https:\/\/www.radioamigavallenar.cl\/index.php?rest_route=%2Fwp%2Fv2%2Fcategories&post=21546"},{"taxonomy":"post_tag","embeddable":true,"href":"https:\/\/www.radioamigavallenar.cl\/index.php?rest_route=%2Fwp%2Fv2%2Ftags&post=21546"}],"curies":[{"name":"wp","href":"https:\/\/api.w.org\/{rel}","templated":true}]}}