{"id":21529,"date":"2020-03-05T00:00:00","date_gmt":"2020-03-05T03:00:00","guid":{"rendered":"https:\/\/www.radioamigavallenar.cl\/?p=21529"},"modified":"2020-03-04T21:56:24","modified_gmt":"2020-03-05T00:56:24","slug":"mulet-por-muerte-de-4-trabajadores-una-vez-mas-queda-en-evidencia-el-abuso-de-las-grandes-agricolas-en-atacama","status":"publish","type":"post","link":"https:\/\/www.radioamigavallenar.cl\/?p=21529","title":{"rendered":"Mulet por muerte de 4 trabajadores: \u201cuna vez m\u00e1s queda en evidencia el abuso de las grandes agr\u00edcolas en Atacama\u201d"},"content":{"rendered":"\n<figure class=\"wp-block-image size-large\"><img loading=\"lazy\" decoding=\"async\" width=\"1024\" height=\"683\" src=\"https:\/\/www.radioamigavallenar.cl\/wp-content\/uploads\/2019\/10\/Jaime-Mulet-2-1024x683.jpg\" alt=\"\" class=\"wp-image-17453\" srcset=\"https:\/\/www.radioamigavallenar.cl\/wp-content\/uploads\/2019\/10\/Jaime-Mulet-2.jpg 1024w, https:\/\/www.radioamigavallenar.cl\/wp-content\/uploads\/2019\/10\/Jaime-Mulet-2-300x200.jpg 300w, https:\/\/www.radioamigavallenar.cl\/wp-content\/uploads\/2019\/10\/Jaime-Mulet-2-768x512.jpg 768w\" sizes=\"auto, (max-width: 1024px) 100vw, 1024px\" \/><\/figure>\n\n\n\n<p>Molesto se mostr\u00f3 el parlamentario de Atacama quien llam\u00f3 a reabrir la discusi\u00f3n sobre las precarias condiciones en que se encuentran trabajadores y trabajadoras temporeros y no temporeros, en las agr\u00edcolas y frut\u00edcolas en Atacama.<\/p>\n\n\n\n<p>\u201cEn primer lugar quiero expresar mis sentidas condolencias a las familias de estos j\u00f3venes que luchaban por un futuro mejor. Y al mismo tiempo quiero solicitar que el trabajo que est\u00e1 haciendo el ministerio p\u00fablico, el se\u00f1or fiscal, que sabemos es un fiscal prolijo, para que siga haciendo una investigaci\u00f3n profunda y r\u00e1pida, como ya lo estamos viendo, y me alegro mucho de eso; para determinar las eventuales responsabilidades penales que puedan existir, mediante delitos o cuasi delitos de esta situaci\u00f3n tan grave\u201d se\u00f1al\u00f3 Mulet.<\/p>\n\n\n\n<figure class=\"wp-block-audio\"><audio controls src=\"https:\/\/www.radioamigavallenar.cl\/wp-content\/uploads\/2020\/03\/trabajadores-TA.mp3\"><\/audio><\/figure>\n\n\n\n<p>\u201cAdem\u00e1s quiero recalcar la importancia de la fiscalizaci\u00f3n permanente de todas las empresas, por parte de la Direcci\u00f3n del Trabajo, que tienen que recurrir frecuentemente a estas agr\u00edcolas, las que muchas veces abusan de estos trabajadores y trabajadoras. Este es el caso de una gran agr\u00edcola, millonaria, que por lo que vemos no contaba con las condiciones adecuadas m\u00ednimas para que los trabajadores pudieran descansar. Es inaceptable que j\u00f3venes trabajadores terminen perdiendo su vida por una situaci\u00f3n que aparece a todas luces como de negligencia por parte de la empresa\u201d.<\/p>\n\n\n\n<p>El diputado por Atacama a\u00f1adi\u00f3 \u201ceste pa\u00eds necesita fortalecer la sindicalizaci\u00f3n, instancia a las que se oponen permanentemente empresas como estas, como los propietarios de la Frut\u00edcola Atacama. Ac\u00e1 vemos pr\u00e1cticas abusivas, estos son los mismos empresarios que se niegan a la formaci\u00f3n de sindicatos en el mundo temporero y agr\u00edcola, como en otros rubros, los mismos que se oponen incluso a la conformaci\u00f3n de comit\u00e9s paritarios para que los trabajadores puedan tambi\u00e9n participar en la definici\u00f3n de sus condiciones, por ejemplo, de higiene y seguridad en sus faenas\u201d.<\/p>\n\n\n\n<p>\u201cEs muy importante aplicar todo el rigor de la ley frente a los responsables; as\u00ed como pedirle a las autoridades del Servicio de Salud, Superintendencia de Electricidad y Combustibles, ministerio p\u00fablico y a las polic\u00edas una investigaci\u00f3n profunda y efectiva. Yo no voy a descansar hasta que se sepa la verdad, vamos a seguir luchando por defender a los trabajadores y trabajadoras, que con mucha fuerza se est\u00e1n manifestando desde el 18 de octubre exigiendo dignidad. Son estas mismas condiciones de abuso y trabajo precario las que cuestan la vida a hombres y mujeres de nuestra querida regi\u00f3n de Atacama\u201d, concluy\u00f3 Jaime Mulet.<\/p>\n","protected":false},"excerpt":{"rendered":"<p>Molesto se mostr\u00f3 el parlamentario de Atacama quien llam\u00f3 a reabrir la discusi\u00f3n sobre las precarias condiciones en que se encuentran trabajadores y trabajadoras temporeros&hellip; <\/p>\n","protected":false},"author":2,"featured_media":17453,"comment_status":"open","ping_status":"closed","sticky":false,"template":"","format":"standard","meta":{"footnotes":""},"categories":[7],"tags":[],"class_list":["post-21529","post","type-post","status-publish","format-standard","has-post-thumbnail","hentry","category-atacama"],"_links":{"self":[{"href":"https:\/\/www.radioamigavallenar.cl\/index.php?rest_route=\/wp\/v2\/posts\/21529","targetHints":{"allow":["GET"]}}],"collection":[{"href":"https:\/\/www.radioamigavallenar.cl\/index.php?rest_route=\/wp\/v2\/posts"}],"about":[{"href":"https:\/\/www.radioamigavallenar.cl\/index.php?rest_route=\/wp\/v2\/types\/post"}],"author":[{"embeddable":true,"href":"https:\/\/www.radioamigavallenar.cl\/index.php?rest_route=\/wp\/v2\/users\/2"}],"replies":[{"embeddable":true,"href":"https:\/\/www.radioamigavallenar.cl\/index.php?rest_route=%2Fwp%2Fv2%2Fcomments&post=21529"}],"version-history":[{"count":0,"href":"https:\/\/www.radioamigavallenar.cl\/index.php?rest_route=\/wp\/v2\/posts\/21529\/revisions"}],"wp:featuredmedia":[{"embeddable":true,"href":"https:\/\/www.radioamigavallenar.cl\/index.php?rest_route=\/wp\/v2\/media\/17453"}],"wp:attachment":[{"href":"https:\/\/www.radioamigavallenar.cl\/index.php?rest_route=%2Fwp%2Fv2%2Fmedia&parent=21529"}],"wp:term":[{"taxonomy":"category","embeddable":true,"href":"https:\/\/www.radioamigavallenar.cl\/index.php?rest_route=%2Fwp%2Fv2%2Fcategories&post=21529"},{"taxonomy":"post_tag","embeddable":true,"href":"https:\/\/www.radioamigavallenar.cl\/index.php?rest_route=%2Fwp%2Fv2%2Ftags&post=21529"}],"curies":[{"name":"wp","href":"https:\/\/api.w.org\/{rel}","templated":true}]}}