{"id":21525,"date":"2020-03-04T11:06:40","date_gmt":"2020-03-04T14:06:40","guid":{"rendered":"https:\/\/www.radioamigavallenar.cl\/?p=21525"},"modified":"2020-03-04T11:06:42","modified_gmt":"2020-03-04T14:06:42","slug":"con-mas-de-60-dirigentes-sociales-gobierno-regional-realizo-lanzamiento-del-fondo-de-fortalecimiento-2020","status":"publish","type":"post","link":"https:\/\/www.radioamigavallenar.cl\/?p=21525","title":{"rendered":"Con m\u00e1s de 60 dirigentes sociales Gobierno Regional realiz\u00f3 lanzamiento del Fondo de Fortalecimiento 2020"},"content":{"rendered":"\n<figure class=\"wp-block-gallery columns-2 is-cropped wp-block-gallery-1 is-layout-flex wp-block-gallery-is-layout-flex\"><ul class=\"blocks-gallery-grid\"><li class=\"blocks-gallery-item\"><figure><img loading=\"lazy\" decoding=\"async\" width=\"1239\" height=\"788\" src=\"https:\/\/www.radioamigavallenar.cl\/wp-content\/uploads\/2020\/03\/1-1024x651.jpg\" alt=\"\" data-id=\"21526\" data-full-url=\"https:\/\/www.radioamigavallenar.cl\/wp-content\/uploads\/2020\/03\/1.jpg\" data-link=\"https:\/\/www.radioamigavallenar.cl\/?attachment_id=21526\" class=\"wp-image-21526\" srcset=\"https:\/\/www.radioamigavallenar.cl\/wp-content\/uploads\/2020\/03\/1-1024x651.jpg 1024w, https:\/\/www.radioamigavallenar.cl\/wp-content\/uploads\/2020\/03\/1-300x191.jpg 300w, https:\/\/www.radioamigavallenar.cl\/wp-content\/uploads\/2020\/03\/1-768x488.jpg 768w, https:\/\/www.radioamigavallenar.cl\/wp-content\/uploads\/2020\/03\/1.jpg 1239w\" sizes=\"auto, (max-width: 1239px) 100vw, 1239px\" \/><\/figure><\/li><li class=\"blocks-gallery-item\"><figure><img loading=\"lazy\" decoding=\"async\" width=\"1024\" height=\"695\" src=\"https:\/\/www.radioamigavallenar.cl\/wp-content\/uploads\/2020\/03\/2-1024x695.jpg\" alt=\"\" data-id=\"21527\" data-full-url=\"https:\/\/www.radioamigavallenar.cl\/wp-content\/uploads\/2020\/03\/2.jpg\" data-link=\"https:\/\/www.radioamigavallenar.cl\/?attachment_id=21527\" class=\"wp-image-21527\" srcset=\"https:\/\/www.radioamigavallenar.cl\/wp-content\/uploads\/2020\/03\/2-1024x695.jpg 1024w, https:\/\/www.radioamigavallenar.cl\/wp-content\/uploads\/2020\/03\/2-300x204.jpg 300w, https:\/\/www.radioamigavallenar.cl\/wp-content\/uploads\/2020\/03\/2-768x521.jpg 768w, https:\/\/www.radioamigavallenar.cl\/wp-content\/uploads\/2020\/03\/2.jpg 1121w\" sizes=\"auto, (max-width: 1024px) 100vw, 1024px\" \/><\/figure><\/li><\/ul><\/figure>\n\n\n\n<p><strong>El periodo de postulaci\u00f3n se inicia el 06 de marzo y se extender\u00e1 hasta el 03 de abril de 2020 para las postulaciones presenciales (en formulario impreso), y hasta el d\u00eda 13 de abril para las postulaciones en l\u00ednea.<\/strong> <\/p>\n\n\n\n<p>Alegr\u00eda y satisfacci\u00f3n fueron los rostros de las decenas de dirigentes sociales de la regi\u00f3n de Atacama, que participaron en el lanzamiento oficial del Fondo de Fortalecimiento de las Organizaci\u00f3n de Inter\u00e9s P\u00fablico (FFOIP) 2020 del Ministerio Secretaria General de Gobierno.<\/p>\n\n\n\n<p>La ceremonia se realiz\u00f3 en el sal\u00f3n auditorio de la Caja Los Andes de Copiap\u00f3 y fue encabezada por el Intendente de Atacama, Patricio Urquieta Garc\u00eda y la Secretar\u00eda Regional Ministerial de Gobierno. En la oportunidad tambi\u00e9n estuvieron presentes los Secretarios Regionales Ministeriales de Desarrollo Social, Luis Morales y de Medio Ambiente, Guillermo Ready.<\/p>\n\n\n\n<p>El Intendente de Atacama, Patricio Urquieta Garc\u00eda, declar\u00f3 que \u00abestamos compartiendo con un n\u00famero importante de dirigentes sociales de la Regi\u00f3n de Atacama a fin de comunicarles lo que estamos haciendo en el Gobierno del Presidente Pi\u00f1era que es lanzar un fondo de apoyo a las organizaciones de inter\u00e9s p\u00fablico, a fin de que podamos desarrollar un trabajo en conjunto para mejorar la calidad de vida de las familias. Yo creo que estamos en tiempos en los que la unidad va a marcar la diferencia sobre c\u00f3mo podemos avanzar en temas sociales y la Agenda Social que ha impulsado el Presidente Pi\u00f1era tiene contenido que responde en gran parte a las cosas que est\u00e1 pidiendo mucha gente que es mejorar las pensiones, mejorar la salud, el ingreso m\u00ednimo garantizado, pero tenemos que hacerlo de la mano con la gente. Esto es una oportunidad para que las organizaciones sociales puedan obtener recursos para desarrollar talleres, seminarios, cursos, en los cuales se pueda conversar y sobre todo hacer part\u00edcipe a la comunidad de lo que estamos haciendo en materia social\u00bb.<\/p>\n\n\n\n<p>Por su parte y tras compartir con los dirigentes sociales presentes, la Seremi de Gobierno afirm\u00f3 que \u201choy estamos realizando el lanzamiento de este fondo y queremos que ustedes sientan un apoyo real y concreto de nuestro Gobierno con las organizaciones sociales. El a\u00f1o pasado no s\u00f3lo entregamos los recursos de este fondo, sino que tambi\u00e9n estuvimos viajando por toda la regi\u00f3n de Atacama acompa\u00f1ando a los ganadores, capacit\u00e1ndolos, entreg\u00e1ndoles orientaciones y lo m\u00e1s importante, escuch\u00e1ndolos. Este a\u00f1o y por mandato de nuestra Ministra Karla Rubilar, vamos a continuar con ese trabajo en terreno, porque ustedes se lo merecen. Este a\u00f1o contamos con $59.360.142 para fortalecer a las organizaciones de toda la regi\u00f3n\u201d.<\/p>\n\n\n\n<p>\u201cHoy vivimos en tiempos donde no todo es f\u00e1cil, donde existen demandas sociales y posturas diferentes respecto de temas que tienen directa vinculaci\u00f3n con el progreso del pa\u00eds. No obstante, para el Gobierno de nuestro Presidente Sebasti\u00e1n Pi\u00f1era, tambi\u00e9n vivimos; y nos merecemos vivir; los tiempos de los acuerdos, del respeto, de la paz, donde valoramos el trabajo responsable pero por sobre todas las cosas, el trabajo con sentido de unidad. Hoy lo m\u00e1s importante es trabajar para hacer de Chile, por cierto Atacama, un territorio m\u00e1s justo, equitativo, integral y desarrollado, y para eso, necesitamos el apoyo y los acuerdos de todos y todas\u201d.<\/p>\n\n\n\n<p>El objetivo del FFOIP es fortalecer a las organizaciones de inter\u00e9s p\u00fablico cuya finalidad sea la promoci\u00f3n del inter\u00e9s general en materia de derechos de la ciudadan\u00eda, asistencia social, educaci\u00f3n, salud, medio ambiente o cualquiera otra de bien com\u00fan, en especial las que recurran al voluntariado.<\/p>\n\n\n\n<p>Para conocer los detalles del proceso de postulaci\u00f3n, conocer las bases y otros detalles, las organizaciones deben ingresar a la p\u00e1gina web https:\/\/fondodefortalecimiento.gob.cl\/<\/p>\n\n\n\n<p class=\"has-text-align-center\"><strong>\u00bfQUIENES PUEDEN POSTULAR?<\/strong><\/p>\n\n\n\n<p>Podr\u00e1n postular todas las organizaciones que posean la calidad de inter\u00e9s p\u00fablico y que se encuentran inscritas en el Catastro de Organizaciones de Inter\u00e9s P\u00fablico al 13 de abril del 2020, especialmente:<\/p>\n\n\n\n<p>A- Las Juntas de Vecinos y uniones comunales, as\u00ed como dem\u00e1s organizaciones comunitarias funcionales, regidas por la Ley N\u00b019.418.<\/p>\n\n\n\n<p>B- Las Asociaciones y comunidades ind\u00edgenas, reguladas por la Ley N\u00b019.253.<\/p>\n\n\n\n<p>C- Las Asociaciones de consumidores, reguladas por la Ley N\u00b019.496.<\/p>\n\n\n\n<p>D- Todas aquellas organizaciones (personas jur\u00eddicas sin fines de lucro) que posean la calidad de inter\u00e9s p\u00fablico, inscritas en el Catastro de Organizaciones de Inter\u00e9s P\u00fablico o cuya solicitud de ingreso al Catastro se encuentre ingresada a tramitaci\u00f3n (antes del t\u00e9rmino de la postulaci\u00f3n).<\/p>\n\n\n\n<p class=\"has-text-align-center\"><strong>MONTOS DE FINANCIAMIENTO<\/strong><\/p>\n\n\n\n<p>Tipo Local: Corresponde a la iniciativa que se desarrolle o tenga impacto directo en una sola comuna de la una regi\u00f3n. La organizaci\u00f3n ejecutante debe necesariamente tener su domicilio en la comuna donde implementar\u00e1 el proyecto. Se puede optar a un financiamiento de $2.000.000.<\/p>\n\n\n\n<p>Tipo regional: Corresponde al proyecto que se ejecutar\u00e1 dentro de una misma regi\u00f3n, con impacto directo en dos o m\u00e1s comunas de ella. La organizaci\u00f3n debe postular por la regi\u00f3n en la cual se encuentra inscrita como organizaci\u00f3n. Se puede optar a un total de $4.000.000.<\/p>\n\n\n\n<p>Tipo Nacional: Corresponde a un proyecto que se ejecuta y tiene impacto directo en m\u00e1s de una regi\u00f3n del pa\u00eds. La organizaci\u00f3n debe postular por la regi\u00f3n en la cual se encuentra inscrita. Se puede optar a un m\u00e1ximo de $10.000.000<\/p>\n","protected":false},"excerpt":{"rendered":"<p>El periodo de postulaci\u00f3n se inicia el 06 de marzo y se extender\u00e1 hasta el 03 de abril de 2020 para las postulaciones presenciales (en&hellip; <\/p>\n","protected":false},"author":2,"featured_media":21527,"comment_status":"open","ping_status":"closed","sticky":false,"template":"","format":"standard","meta":{"footnotes":""},"categories":[7],"tags":[],"class_list":["post-21525","post","type-post","status-publish","format-standard","has-post-thumbnail","hentry","category-atacama"],"_links":{"self":[{"href":"https:\/\/www.radioamigavallenar.cl\/index.php?rest_route=\/wp\/v2\/posts\/21525","targetHints":{"allow":["GET"]}}],"collection":[{"href":"https:\/\/www.radioamigavallenar.cl\/index.php?rest_route=\/wp\/v2\/posts"}],"about":[{"href":"https:\/\/www.radioamigavallenar.cl\/index.php?rest_route=\/wp\/v2\/types\/post"}],"author":[{"embeddable":true,"href":"https:\/\/www.radioamigavallenar.cl\/index.php?rest_route=\/wp\/v2\/users\/2"}],"replies":[{"embeddable":true,"href":"https:\/\/www.radioamigavallenar.cl\/index.php?rest_route=%2Fwp%2Fv2%2Fcomments&post=21525"}],"version-history":[{"count":0,"href":"https:\/\/www.radioamigavallenar.cl\/index.php?rest_route=\/wp\/v2\/posts\/21525\/revisions"}],"wp:featuredmedia":[{"embeddable":true,"href":"https:\/\/www.radioamigavallenar.cl\/index.php?rest_route=\/wp\/v2\/media\/21527"}],"wp:attachment":[{"href":"https:\/\/www.radioamigavallenar.cl\/index.php?rest_route=%2Fwp%2Fv2%2Fmedia&parent=21525"}],"wp:term":[{"taxonomy":"category","embeddable":true,"href":"https:\/\/www.radioamigavallenar.cl\/index.php?rest_route=%2Fwp%2Fv2%2Fcategories&post=21525"},{"taxonomy":"post_tag","embeddable":true,"href":"https:\/\/www.radioamigavallenar.cl\/index.php?rest_route=%2Fwp%2Fv2%2Ftags&post=21525"}],"curies":[{"name":"wp","href":"https:\/\/api.w.org\/{rel}","templated":true}]}}