{"id":21519,"date":"2020-03-04T11:00:48","date_gmt":"2020-03-04T14:00:48","guid":{"rendered":"https:\/\/www.radioamigavallenar.cl\/?p=21519"},"modified":"2020-03-04T11:01:05","modified_gmt":"2020-03-04T14:01:05","slug":"direccion-de-transito-de-vallenar-vela-por-la-seguridad-peatonal","status":"publish","type":"post","link":"https:\/\/www.radioamigavallenar.cl\/?p=21519","title":{"rendered":"Direcci\u00f3n de Tr\u00e1nsito de Vallenar vela por la seguridad peatonal"},"content":{"rendered":"\n<figure class=\"wp-block-gallery columns-3 is-cropped wp-block-gallery-1 is-layout-flex wp-block-gallery-is-layout-flex\"><ul class=\"blocks-gallery-grid\"><li class=\"blocks-gallery-item\"><figure><img loading=\"lazy\" decoding=\"async\" width=\"1024\" height=\"768\" src=\"https:\/\/www.radioamigavallenar.cl\/wp-content\/uploads\/2020\/03\/WhatsApp-Image-2020-03-03-at-5.22.32-PM-1024x768.jpeg\" alt=\"\" data-id=\"21520\" data-full-url=\"https:\/\/www.radioamigavallenar.cl\/wp-content\/uploads\/2020\/03\/WhatsApp-Image-2020-03-03-at-5.22.32-PM.jpeg\" data-link=\"https:\/\/www.radioamigavallenar.cl\/?attachment_id=21520\" class=\"wp-image-21520\" srcset=\"https:\/\/www.radioamigavallenar.cl\/wp-content\/uploads\/2020\/03\/WhatsApp-Image-2020-03-03-at-5.22.32-PM-1024x768.jpeg 1024w, https:\/\/www.radioamigavallenar.cl\/wp-content\/uploads\/2020\/03\/WhatsApp-Image-2020-03-03-at-5.22.32-PM-300x225.jpeg 300w, https:\/\/www.radioamigavallenar.cl\/wp-content\/uploads\/2020\/03\/WhatsApp-Image-2020-03-03-at-5.22.32-PM-768x576.jpeg 768w, https:\/\/www.radioamigavallenar.cl\/wp-content\/uploads\/2020\/03\/WhatsApp-Image-2020-03-03-at-5.22.32-PM.jpeg 1280w\" sizes=\"auto, (max-width: 1024px) 100vw, 1024px\" \/><\/figure><\/li><li class=\"blocks-gallery-item\"><figure><img loading=\"lazy\" decoding=\"async\" width=\"1024\" height=\"768\" src=\"https:\/\/www.radioamigavallenar.cl\/wp-content\/uploads\/2020\/03\/WhatsApp-Image-2020-03-03-at-5.22.42-PM-1024x768.jpeg\" alt=\"\" data-id=\"21521\" data-full-url=\"https:\/\/www.radioamigavallenar.cl\/wp-content\/uploads\/2020\/03\/WhatsApp-Image-2020-03-03-at-5.22.42-PM.jpeg\" data-link=\"https:\/\/www.radioamigavallenar.cl\/?attachment_id=21521\" class=\"wp-image-21521\" srcset=\"https:\/\/www.radioamigavallenar.cl\/wp-content\/uploads\/2020\/03\/WhatsApp-Image-2020-03-03-at-5.22.42-PM-1024x768.jpeg 1024w, https:\/\/www.radioamigavallenar.cl\/wp-content\/uploads\/2020\/03\/WhatsApp-Image-2020-03-03-at-5.22.42-PM-300x225.jpeg 300w, https:\/\/www.radioamigavallenar.cl\/wp-content\/uploads\/2020\/03\/WhatsApp-Image-2020-03-03-at-5.22.42-PM-768x576.jpeg 768w, https:\/\/www.radioamigavallenar.cl\/wp-content\/uploads\/2020\/03\/WhatsApp-Image-2020-03-03-at-5.22.42-PM.jpeg 1280w\" sizes=\"auto, (max-width: 1024px) 100vw, 1024px\" \/><\/figure><\/li><li class=\"blocks-gallery-item\"><figure><img loading=\"lazy\" decoding=\"async\" width=\"1024\" height=\"768\" src=\"https:\/\/www.radioamigavallenar.cl\/wp-content\/uploads\/2020\/03\/WhatsApp-Image-2020-03-03-at-5.23.11-PM-1024x768.jpeg\" alt=\"\" data-id=\"21522\" data-full-url=\"https:\/\/www.radioamigavallenar.cl\/wp-content\/uploads\/2020\/03\/WhatsApp-Image-2020-03-03-at-5.23.11-PM.jpeg\" data-link=\"https:\/\/www.radioamigavallenar.cl\/?attachment_id=21522\" class=\"wp-image-21522\" srcset=\"https:\/\/www.radioamigavallenar.cl\/wp-content\/uploads\/2020\/03\/WhatsApp-Image-2020-03-03-at-5.23.11-PM-1024x768.jpeg 1024w, https:\/\/www.radioamigavallenar.cl\/wp-content\/uploads\/2020\/03\/WhatsApp-Image-2020-03-03-at-5.23.11-PM-300x225.jpeg 300w, https:\/\/www.radioamigavallenar.cl\/wp-content\/uploads\/2020\/03\/WhatsApp-Image-2020-03-03-at-5.23.11-PM-768x576.jpeg 768w, https:\/\/www.radioamigavallenar.cl\/wp-content\/uploads\/2020\/03\/WhatsApp-Image-2020-03-03-at-5.23.11-PM.jpeg 1280w\" sizes=\"auto, (max-width: 1024px) 100vw, 1024px\" \/><\/figure><\/li><\/ul><\/figure>\n\n\n\n<p>Con trabajos de demarcaci\u00f3n de los cruces callejeros, especialmente en zonas de escuelas y jardines infantiles. <\/p>\n\n\n\n<p>Apront\u00e1ndose al ingreso masivo de estudiantes el pr\u00f3ximo jueves 5 de marzo en curso, la Direcci\u00f3n de Tr\u00e1nsito Municipal de Vallenar viene trabajando en la demarcaci\u00f3n de los pasos peatonales en el centro de la ciudad, tarea que estar\u00e1 terminado el jueves venidero. Un trabajo similar se realizar\u00e1 en Domeyko el d\u00eda viernes inmediato.<\/p>\n\n\n\n<p>\u201cLa idea es tener una ciudad bien demarcada y bien se\u00f1alizada para no tener inconvenientes. Incluso, ya hemos tenido unas primeras conversaciones con el Servicio Local de Educaci\u00f3n con el fin de coordinar la seguridad en todos los colegios de la comuna. La idea apunta a tener all\u00ed los letreros indicadores que recuerdan que, en estas zonas, incluyendo jardines infantiles, la velocidad m\u00e1xima es de 30 kil\u00f3metros por hora\u201d, concluy\u00f3 al respecto el director de Tr\u00e1nsito Municipal Jorge Torres.<\/p>\n","protected":false},"excerpt":{"rendered":"<p>Con trabajos de demarcaci\u00f3n de los cruces callejeros, especialmente en zonas de escuelas y jardines infantiles. Apront\u00e1ndose al ingreso masivo de estudiantes el pr\u00f3ximo jueves&hellip; <\/p>\n","protected":false},"author":2,"featured_media":21521,"comment_status":"open","ping_status":"closed","sticky":false,"template":"","format":"standard","meta":{"footnotes":""},"categories":[1,2],"tags":[],"class_list":["post-21519","post","type-post","status-publish","format-standard","has-post-thumbnail","hentry","category-provincia-del-huasco-2","category-vallenar"],"_links":{"self":[{"href":"https:\/\/www.radioamigavallenar.cl\/index.php?rest_route=\/wp\/v2\/posts\/21519","targetHints":{"allow":["GET"]}}],"collection":[{"href":"https:\/\/www.radioamigavallenar.cl\/index.php?rest_route=\/wp\/v2\/posts"}],"about":[{"href":"https:\/\/www.radioamigavallenar.cl\/index.php?rest_route=\/wp\/v2\/types\/post"}],"author":[{"embeddable":true,"href":"https:\/\/www.radioamigavallenar.cl\/index.php?rest_route=\/wp\/v2\/users\/2"}],"replies":[{"embeddable":true,"href":"https:\/\/www.radioamigavallenar.cl\/index.php?rest_route=%2Fwp%2Fv2%2Fcomments&post=21519"}],"version-history":[{"count":0,"href":"https:\/\/www.radioamigavallenar.cl\/index.php?rest_route=\/wp\/v2\/posts\/21519\/revisions"}],"wp:featuredmedia":[{"embeddable":true,"href":"https:\/\/www.radioamigavallenar.cl\/index.php?rest_route=\/wp\/v2\/media\/21521"}],"wp:attachment":[{"href":"https:\/\/www.radioamigavallenar.cl\/index.php?rest_route=%2Fwp%2Fv2%2Fmedia&parent=21519"}],"wp:term":[{"taxonomy":"category","embeddable":true,"href":"https:\/\/www.radioamigavallenar.cl\/index.php?rest_route=%2Fwp%2Fv2%2Fcategories&post=21519"},{"taxonomy":"post_tag","embeddable":true,"href":"https:\/\/www.radioamigavallenar.cl\/index.php?rest_route=%2Fwp%2Fv2%2Ftags&post=21519"}],"curies":[{"name":"wp","href":"https:\/\/api.w.org\/{rel}","templated":true}]}}