{"id":21516,"date":"2020-03-04T10:00:24","date_gmt":"2020-03-04T13:00:24","guid":{"rendered":"https:\/\/www.radioamigavallenar.cl\/?p=21516"},"modified":"2020-03-04T10:00:25","modified_gmt":"2020-03-04T13:00:25","slug":"cap-profundiza-perdidas-en-el-cuarto-trimestre-por-problemas-portuarios","status":"publish","type":"post","link":"https:\/\/www.radioamigavallenar.cl\/?p=21516","title":{"rendered":"CAP profundiza p\u00e9rdidas en el cuarto trimestre por problemas portuarios"},"content":{"rendered":"\n<figure class=\"wp-block-image size-large is-resized\"><img loading=\"lazy\" decoding=\"async\" src=\"https:\/\/www.radioamigavallenar.cl\/wp-content\/uploads\/2020\/03\/cap-acero-0517.jpg\" alt=\"\" class=\"wp-image-21517\" width=\"596\" height=\"347\" srcset=\"https:\/\/www.radioamigavallenar.cl\/wp-content\/uploads\/2020\/03\/cap-acero-0517.jpg 600w, https:\/\/www.radioamigavallenar.cl\/wp-content\/uploads\/2020\/03\/cap-acero-0517-300x175.jpg 300w\" sizes=\"auto, (max-width: 596px) 100vw, 596px\" \/><\/figure>\n\n\n\n<p><strong>El principal factor de este resultado fueron los problemas para operar que tuvo el puerto Guacolda II.<\/strong><\/p>\n\n\n\n<p>El grupo minero- sider\u00fargico CAP present\u00f3 este lunes su balance 2019, ejercicio que concluy\u00f3 con p\u00e9rdidas por US104,1 millones. Al tercer trimestre, acumulaba un resultado negativo por US$21,2 millones.<\/p>\n\n\n\n<p>El principal factor de este resultado fueron los problemas para operar que tuvo el puerto Guacolda II, que afect\u00f3 el volumen de despachos de mineral de hierro, lo que a su vez tuvo un efecto en los ingresos del a\u00f1o.<\/p>\n\n\n\n<p>A esto se sum\u00f3 el complejo escenario que viene enfrentando el negocio del acero, en el que CAP participa a trav\u00e9s de Huachipato. Esa unidad cerr\u00f3 el a\u00f1o con p\u00e9rdidas por US$114,2 millones, revirtiendo las ganancias de US$317 mil de 2018.<\/p>\n\n\n\n<p>Para este a\u00f1o la compa\u00f1\u00eda proyecta mejores resultados, pues los problemas portuarios quedaron atr\u00e1s.<\/p>\n\n\n\n<p>\u201cEs posible proyectar una operaci\u00f3n minera con una log\u00edstica completamente normalizada para 2020\u201d, dijo el gerente general de CAP, Erick Weber.<\/p>\n","protected":false},"excerpt":{"rendered":"<p>El principal factor de este resultado fueron los problemas para operar que tuvo el puerto Guacolda II. El grupo minero- sider\u00fargico CAP present\u00f3 este lunes&hellip; <\/p>\n","protected":false},"author":2,"featured_media":21517,"comment_status":"open","ping_status":"closed","sticky":false,"template":"","format":"standard","meta":{"footnotes":""},"categories":[7,4,34],"tags":[],"class_list":["post-21516","post","type-post","status-publish","format-standard","has-post-thumbnail","hentry","category-atacama","category-huasco","category-mineria"],"_links":{"self":[{"href":"https:\/\/www.radioamigavallenar.cl\/index.php?rest_route=\/wp\/v2\/posts\/21516","targetHints":{"allow":["GET"]}}],"collection":[{"href":"https:\/\/www.radioamigavallenar.cl\/index.php?rest_route=\/wp\/v2\/posts"}],"about":[{"href":"https:\/\/www.radioamigavallenar.cl\/index.php?rest_route=\/wp\/v2\/types\/post"}],"author":[{"embeddable":true,"href":"https:\/\/www.radioamigavallenar.cl\/index.php?rest_route=\/wp\/v2\/users\/2"}],"replies":[{"embeddable":true,"href":"https:\/\/www.radioamigavallenar.cl\/index.php?rest_route=%2Fwp%2Fv2%2Fcomments&post=21516"}],"version-history":[{"count":0,"href":"https:\/\/www.radioamigavallenar.cl\/index.php?rest_route=\/wp\/v2\/posts\/21516\/revisions"}],"wp:featuredmedia":[{"embeddable":true,"href":"https:\/\/www.radioamigavallenar.cl\/index.php?rest_route=\/wp\/v2\/media\/21517"}],"wp:attachment":[{"href":"https:\/\/www.radioamigavallenar.cl\/index.php?rest_route=%2Fwp%2Fv2%2Fmedia&parent=21516"}],"wp:term":[{"taxonomy":"category","embeddable":true,"href":"https:\/\/www.radioamigavallenar.cl\/index.php?rest_route=%2Fwp%2Fv2%2Fcategories&post=21516"},{"taxonomy":"post_tag","embeddable":true,"href":"https:\/\/www.radioamigavallenar.cl\/index.php?rest_route=%2Fwp%2Fv2%2Ftags&post=21516"}],"curies":[{"name":"wp","href":"https:\/\/api.w.org\/{rel}","templated":true}]}}