{"id":21513,"date":"2020-03-04T09:54:01","date_gmt":"2020-03-04T12:54:01","guid":{"rendered":"https:\/\/www.radioamigavallenar.cl\/?p=21513"},"modified":"2020-03-04T09:54:02","modified_gmt":"2020-03-04T12:54:02","slug":"diputada-sofia-cid-entrego-su-analisis-del-imacec-positivo-que-tuvo-el-pais-en-enero","status":"publish","type":"post","link":"https:\/\/www.radioamigavallenar.cl\/?p=21513","title":{"rendered":"Diputada Sof\u00eda Cid entreg\u00f3 su an\u00e1lisis del IMACEC positivo que tuvo el pa\u00eds en enero."},"content":{"rendered":"\n<div class=\"wp-block-image\"><figure class=\"aligncenter size-large\"><img loading=\"lazy\" decoding=\"async\" width=\"900\" height=\"600\" src=\"https:\/\/www.radioamigavallenar.cl\/wp-content\/uploads\/2020\/03\/sofia-cid-imacec-enero-2020-scaled-1.jpg\" alt=\"\" class=\"wp-image-21514\" srcset=\"https:\/\/www.radioamigavallenar.cl\/wp-content\/uploads\/2020\/03\/sofia-cid-imacec-enero-2020-scaled-1.jpg 900w, https:\/\/www.radioamigavallenar.cl\/wp-content\/uploads\/2020\/03\/sofia-cid-imacec-enero-2020-scaled-1-300x200.jpg 300w, https:\/\/www.radioamigavallenar.cl\/wp-content\/uploads\/2020\/03\/sofia-cid-imacec-enero-2020-scaled-1-768x512.jpg 768w\" sizes=\"auto, (max-width: 900px) 100vw, 900px\" \/><\/figure><\/div>\n\n\n\n<p>La Diputada Sof\u00eda Cid coment\u00f3 recientemente las cifras entregadas por el Banco Central, relativas al IMACEC (Indicador Mensual de Actividad Econ\u00f3mica) de mes de enero, el cual tuvo un resultado alentador, pero lo que no significa \u201cque se tengan que sacar cuentas alegres\u201d, mencion\u00f3 la parlamentaria ante el crecimiento del 1,5%.<\/p>\n\n\n\n<p>\u201cNo podemos negar que siempre ser\u00e1 positivo que los indicadores de crecimiento sean favorables, pero hay que ser muy cautelosos en estos casos, y mucho menos hacer proyecciones apresuradas, ya que a\u00fan nos mantenemos con riesgos internos y externos bastantes potentes, y que pueden afectar gravemente la econom\u00eda del pa\u00eds\u201d, dijo Cid Versalovic.<\/p>\n\n\n\n<p>En su an\u00e1lisis agreg\u00f3 que pese a que este es el tercer mes consecutivo en que el registro super\u00f3 las expectativas del mercado, \u201ctomar distancia de los cuadros m\u00e1s negativos que se ve\u00edan venir, en el contexto de la crisis social que vive Chile, &nbsp;nos ayudan a mantener la guardia en alto, sin bajar los brazos en los esfuerzos que se hacen por mantener a flote la producci\u00f3n econ\u00f3mica, e insisto en que la cautela es lo adecuado en estos casos\u201d, se\u00f1al\u00f3.<\/p>\n\n\n\n<p>La legisladora de RN por Atacama destac\u00f3 que en el balance los componentes internos y externos, como son el crecimiento econ\u00f3mico, la inversi\u00f3n y el empleo en los pr\u00f3ximos meses y trimestres, el escenario se puede tornar algo complejo, \u201cseg\u00fan lo dijo el propio Ministro de Hacienda, el Gobierno ya tiene en marcha un plan de reactivaci\u00f3n econ\u00f3mica y protecci\u00f3n del empleo por USD5500 millones, y seguir\u00e1 empe\u00f1ado en su ejecuci\u00f3n durante el presente a\u00f1o, y ya hay un 70% del plan ya est\u00e1 en marcha\u00bb, mencion\u00f3 Sof\u00eda Cid.<\/p>\n\n\n\n<p>Al finalizar, la Diputada Cid destac\u00f3 que el IMACEC minero fue de 2,2% &nbsp;en t\u00e9rminos anuales y el no minero de 1,5%, lo que se explica en los sectores no mineros fue incidido principalmente por el positivo desempe\u00f1o de la construcci\u00f3n, as\u00ed como por una mejora en el comercio y en algunos servicios, como lo se\u00f1alaron desde el Banco Central.<\/p>\n","protected":false},"excerpt":{"rendered":"<p>La Diputada Sof\u00eda Cid coment\u00f3 recientemente las cifras entregadas por el Banco Central, relativas al IMACEC (Indicador Mensual de Actividad Econ\u00f3mica) de mes de enero,&hellip; <\/p>\n","protected":false},"author":2,"featured_media":21514,"comment_status":"open","ping_status":"closed","sticky":false,"template":"","format":"standard","meta":{"footnotes":""},"categories":[7,37],"tags":[],"class_list":["post-21513","post","type-post","status-publish","format-standard","has-post-thumbnail","hentry","category-atacama","category-nacional"],"_links":{"self":[{"href":"https:\/\/www.radioamigavallenar.cl\/index.php?rest_route=\/wp\/v2\/posts\/21513","targetHints":{"allow":["GET"]}}],"collection":[{"href":"https:\/\/www.radioamigavallenar.cl\/index.php?rest_route=\/wp\/v2\/posts"}],"about":[{"href":"https:\/\/www.radioamigavallenar.cl\/index.php?rest_route=\/wp\/v2\/types\/post"}],"author":[{"embeddable":true,"href":"https:\/\/www.radioamigavallenar.cl\/index.php?rest_route=\/wp\/v2\/users\/2"}],"replies":[{"embeddable":true,"href":"https:\/\/www.radioamigavallenar.cl\/index.php?rest_route=%2Fwp%2Fv2%2Fcomments&post=21513"}],"version-history":[{"count":0,"href":"https:\/\/www.radioamigavallenar.cl\/index.php?rest_route=\/wp\/v2\/posts\/21513\/revisions"}],"wp:featuredmedia":[{"embeddable":true,"href":"https:\/\/www.radioamigavallenar.cl\/index.php?rest_route=\/wp\/v2\/media\/21514"}],"wp:attachment":[{"href":"https:\/\/www.radioamigavallenar.cl\/index.php?rest_route=%2Fwp%2Fv2%2Fmedia&parent=21513"}],"wp:term":[{"taxonomy":"category","embeddable":true,"href":"https:\/\/www.radioamigavallenar.cl\/index.php?rest_route=%2Fwp%2Fv2%2Fcategories&post=21513"},{"taxonomy":"post_tag","embeddable":true,"href":"https:\/\/www.radioamigavallenar.cl\/index.php?rest_route=%2Fwp%2Fv2%2Ftags&post=21513"}],"curies":[{"name":"wp","href":"https:\/\/api.w.org\/{rel}","templated":true}]}}