{"id":21505,"date":"2020-03-04T09:35:13","date_gmt":"2020-03-04T12:35:13","guid":{"rendered":"https:\/\/www.radioamigavallenar.cl\/?p=21505"},"modified":"2020-03-04T09:36:05","modified_gmt":"2020-03-04T12:36:05","slug":"trabajadores-portuarios-de-atacama-sostienen-reunion-ante-llegada-buque-de-china","status":"publish","type":"post","link":"https:\/\/www.radioamigavallenar.cl\/?p=21505","title":{"rendered":"Trabajadores portuarios de Atacama sostienen reuni\u00f3n con seremi de salud ante llegada buque de China"},"content":{"rendered":"\n<div class=\"wp-block-image\"><figure class=\"aligncenter size-large\"><img loading=\"lazy\" decoding=\"async\" width=\"900\" height=\"675\" src=\"https:\/\/www.radioamigavallenar.cl\/wp-content\/uploads\/2020\/03\/7466247c-dc6f-4ddb-b163-9b29642e4f38-scaled-1.jpg\" alt=\"\" class=\"wp-image-21510\" srcset=\"https:\/\/www.radioamigavallenar.cl\/wp-content\/uploads\/2020\/03\/7466247c-dc6f-4ddb-b163-9b29642e4f38-scaled-1.jpg 900w, https:\/\/www.radioamigavallenar.cl\/wp-content\/uploads\/2020\/03\/7466247c-dc6f-4ddb-b163-9b29642e4f38-scaled-1-300x225.jpg 300w, https:\/\/www.radioamigavallenar.cl\/wp-content\/uploads\/2020\/03\/7466247c-dc6f-4ddb-b163-9b29642e4f38-scaled-1-768x576.jpg 768w\" sizes=\"auto, (max-width: 900px) 100vw, 900px\" \/><\/figure><\/div>\n\n\n\n<p><strong>Se espera\u00a0 la llegada de la nave \u201cTaranger\u201d procedente del puerto de Dalian, China.<\/strong><\/p>\n\n\n\n<p>Ante la preocupaci\u00f3n de los trabajadores portuarios por la llegada de la nave \u201cTaranger\u201d procedente del puerto de Dalian, China, el cual viene a realizar carga de minerales, y debido a que los trabajadores portuarios son quienes tienen que realizar las maniobras correspondientes para que atraque al muelle donde realizar\u00e1 la carga, es que la primera autoridad comunal, Brunilda Gonz\u00e1lez, gestion\u00f3 una reuni\u00f3n en el sal\u00f3n de honor de la Municipalidad de la comuna entre los dirigentes, trabajadores portuarios, Seremi de Salud y el Director de Salud de Atacama.<\/p>\n\n\n\n<p>En la instancia se inform\u00f3 acerca del procedimiento correcto que debe realizar el Ministerio de Salud ante la llegada ante cualquier buque mercante, dijo el director del servicio de salud Atacama Claudio Baeza.<\/p>\n\n\n\n<figure class=\"wp-block-audio\"><audio controls src=\"https:\/\/www.radioamigavallenar.cl\/wp-content\/uploads\/2020\/03\/Claudio-Baeza.mp3\"><\/audio><\/figure>\n\n\n\n<p>Michel Rivera, Presidente del Sindicato de Estibadores Portuarios N1, explic\u00f3 \u201csolicitamos que revisaran todos los buques que vienen de China antes de subirnos nosotros como trabajadores portuarios\u2026tuvimos que hacer presi\u00f3n y se logr\u00f3 lo que solicit\u00e1bamos que es que las autoridades de salud revisen las naves\u2026 debemos prevenir, es por eso que solicitamos que se adopte el protocolo correspondiente\u201d<\/p>\n\n\n\n<figure class=\"wp-block-audio\"><audio controls src=\"https:\/\/www.radioamigavallenar.cl\/wp-content\/uploads\/2020\/03\/Michel-Rivera.mp3\"><\/audio><\/figure>\n\n\n\n<p>Los propios trabajadores portuarios les indicaron la inquietud a las autoridades sanitarias de entregar una charla a los trabajadores tripulantes de las empresas navieras del puerto, ya que ellos no saben el protocolo ante la llegada de un buque que pueda tener un contagiado con Codvid19. El puerto de Caldera recibe durante el a\u00f1o a buques proveniente de China y es por eso que despu\u00e9s de esta reuni\u00f3n los trabajadores portuarios exigen que los protocolos se adopten como corresponden.<\/p>\n\n\n\n<p>Si bien es cierto que existe la obligaci\u00f3n por parte de los capitanes de cada nave de enviar (v\u00eda mail) una declaraci\u00f3n jurada acerca del estado sanitario de la tripulaci\u00f3n, al no ser profesionales de la salud, la certeza del testimonio que puedan brindar no es de confianza.<\/p>\n\n\n\n<p>Bastian Hermosilla, Seremi de Salud de Atacama, expres\u00f3 \u201cPara la tranquilidad de la comuna de Caldera y a los diferentes trabajadores que se desenvuelven en el trabajo portuario, nuestro equipo de la Seremi de Salud junto al Servicio de Salud de la regi\u00f3n, realizaron una visita presencial a la nave que se encuentra a la gira en la bah\u00eda y adem\u00e1s a todos los buques que lleguen de forma directa desde este pa\u00eds y que no hayan atracado a alg\u00fan puerto chileno, para poder revisar las condiciones sanitarias y verificar la veracidad de los antecedentes que los diferentes nav\u00edos y navieras entregan a la Serem\u00eda de salud y as\u00ed certificar que efectivamente no exista ning\u00fan riesgo para la comunidad ni para los trabajadores que desarrollan sus labores y con ello entregar el certificado de libre pl\u00e1tica a la naviera para que realizace sus labores\u201d.<\/p>\n\n\n\n<figure class=\"wp-block-audio\"><audio controls src=\"https:\/\/www.radioamigavallenar.cl\/wp-content\/uploads\/2020\/03\/01Bastian-Hermosill.mp3\"><\/audio><\/figure>\n\n\n\n<p>La primera autoridad comunal de Caldera tom\u00f3 conocimiento de la preocupaci\u00f3n de los trabajadores portuarios solicitando la presencia en la comuna del Seremi de Salud de la regi\u00f3n para reunirse con los trabajadores de los dos sindicatos portuarios<\/p>\n\n\n\n<figure class=\"wp-block-audio\"><audio controls src=\"https:\/\/www.radioamigavallenar.cl\/wp-content\/uploads\/2020\/03\/Brunilda-Gonzalez.mp3\"><\/audio><\/figure>\n\n\n\n<p>Es importante considerar que Chile es uno de los pa\u00edses m\u00e1s australes y debemos estar preparado ante cualquier situaci\u00f3n ante el resto de nuestro planeta en materia de enfermedades infectocontagiosas.<br>Brunilda Gonz\u00e1lez, alcaldesa de Caldera, manifest\u00f3.<\/p>\n\n\n\n<p>\u201cEn el caso particular del Coronavirus y de los protocolos mar\u00edtimos sanitarios que se aplican en las naves ha habido una preocupaci\u00f3n del sector de los trabajadores portuarios, quienes han planteado a la autoridad sanitaria en un permanente dialogo y su preocupaci\u00f3n de que no se estaban realizando los protocolos establecidos y a\u00fan mas ve\u00edan que los procedimientos establecidos para ellos eran insuficientes.<\/p>\n\n\n\n<p>Hoy la autoridades sanitarias dentro de las facultades regionales que tienen y adem\u00e1s ratificado mediante un instrumento legal que ha establecido el Ministerio de Salud, van aplicar el protocolo mucho m\u00e1s extenso, esto significa que el capit\u00e1n de la nave har\u00e1 un Check-line en el aspecto que si hay o no un caso sospechoso, sino que ellos igualmente har\u00e1n una visita inspectiva a las naves provenientes de donde ha habido casos de Codvid19\u201d.<\/p>\n","protected":false},"excerpt":{"rendered":"<p>Se espera\u00a0 la llegada de la nave \u201cTaranger\u201d procedente del puerto de Dalian, China. Ante la preocupaci\u00f3n de los trabajadores portuarios por la llegada de&hellip; <\/p>\n","protected":false},"author":2,"featured_media":21510,"comment_status":"open","ping_status":"closed","sticky":false,"template":"","format":"standard","meta":{"footnotes":""},"categories":[7],"tags":[],"class_list":["post-21505","post","type-post","status-publish","format-standard","has-post-thumbnail","hentry","category-atacama"],"_links":{"self":[{"href":"https:\/\/www.radioamigavallenar.cl\/index.php?rest_route=\/wp\/v2\/posts\/21505","targetHints":{"allow":["GET"]}}],"collection":[{"href":"https:\/\/www.radioamigavallenar.cl\/index.php?rest_route=\/wp\/v2\/posts"}],"about":[{"href":"https:\/\/www.radioamigavallenar.cl\/index.php?rest_route=\/wp\/v2\/types\/post"}],"author":[{"embeddable":true,"href":"https:\/\/www.radioamigavallenar.cl\/index.php?rest_route=\/wp\/v2\/users\/2"}],"replies":[{"embeddable":true,"href":"https:\/\/www.radioamigavallenar.cl\/index.php?rest_route=%2Fwp%2Fv2%2Fcomments&post=21505"}],"version-history":[{"count":0,"href":"https:\/\/www.radioamigavallenar.cl\/index.php?rest_route=\/wp\/v2\/posts\/21505\/revisions"}],"wp:featuredmedia":[{"embeddable":true,"href":"https:\/\/www.radioamigavallenar.cl\/index.php?rest_route=\/wp\/v2\/media\/21510"}],"wp:attachment":[{"href":"https:\/\/www.radioamigavallenar.cl\/index.php?rest_route=%2Fwp%2Fv2%2Fmedia&parent=21505"}],"wp:term":[{"taxonomy":"category","embeddable":true,"href":"https:\/\/www.radioamigavallenar.cl\/index.php?rest_route=%2Fwp%2Fv2%2Fcategories&post=21505"},{"taxonomy":"post_tag","embeddable":true,"href":"https:\/\/www.radioamigavallenar.cl\/index.php?rest_route=%2Fwp%2Fv2%2Ftags&post=21505"}],"curies":[{"name":"wp","href":"https:\/\/api.w.org\/{rel}","templated":true}]}}