{"id":21502,"date":"2020-03-04T09:14:29","date_gmt":"2020-03-04T12:14:29","guid":{"rendered":"https:\/\/www.radioamigavallenar.cl\/?p=21502"},"modified":"2020-03-04T09:14:30","modified_gmt":"2020-03-04T12:14:30","slug":"investigan-muerte-de-cuatro-trabajadores-de-empresa-agricola-del-valle-de-tierra-amarilla","status":"publish","type":"post","link":"https:\/\/www.radioamigavallenar.cl\/?p=21502","title":{"rendered":"Investigan muerte de cuatro trabajadores de empresa agr\u00edcola del valle de Tierra Amarilla."},"content":{"rendered":"\n<div class=\"wp-block-image\"><figure class=\"aligncenter size-large is-resized\"><img loading=\"lazy\" decoding=\"async\" src=\"https:\/\/www.radioamigavallenar.cl\/wp-content\/uploads\/2020\/03\/descarga.jpg\" alt=\"\" class=\"wp-image-21503\" width=\"539\" height=\"336\"\/><\/figure><\/div>\n\n\n\n<p>Fiscal jefe de Copiap\u00f3 Christian Gonz\u00e1lez&nbsp; se constituye en el lugar.<\/p>\n\n\n\n<p>Antecedentes indican que por motivos que ser\u00e1n materia de la investigaci\u00f3n cuatro trabajadores de una empresa agr\u00edcola ubicada en la localidad de Nantoco interior del valle de Tierra Amarilla perdieron la vida en su lugar de trabajo.<\/p>\n\n\n\n<p>Personal del equipo m\u00e9dico del Cesfam, bomberos y carabineros de Tierra Amarilla&nbsp; alertados por otros trabajadores llegaron al lugar en tanto que el fiscal jefe de Copiap\u00f3 Christian Gonz\u00e1lez se constituy\u00f3 en el sitio del suceso para recabar mayores detalles de este lamentable hecho y determinar quienes se har\u00e1n cargo de la investigaci\u00f3n.<\/p>\n\n\n\n<p>Se indico que los infortunados trabajadores podr\u00edan haber inhalado alg\u00fan tipo de gas lo que les provoc\u00f3 la muerte, hecho que debaer\u00e1 determinar la investigaci\u00f3n.<\/p>\n","protected":false},"excerpt":{"rendered":"<p>Fiscal jefe de Copiap\u00f3 Christian Gonz\u00e1lez&nbsp; se constituye en el lugar. Antecedentes indican que por motivos que ser\u00e1n materia de la investigaci\u00f3n cuatro trabajadores de&hellip; <\/p>\n","protected":false},"author":2,"featured_media":21503,"comment_status":"open","ping_status":"closed","sticky":false,"template":"","format":"standard","meta":{"footnotes":""},"categories":[7],"tags":[],"class_list":["post-21502","post","type-post","status-publish","format-standard","has-post-thumbnail","hentry","category-atacama"],"_links":{"self":[{"href":"https:\/\/www.radioamigavallenar.cl\/index.php?rest_route=\/wp\/v2\/posts\/21502","targetHints":{"allow":["GET"]}}],"collection":[{"href":"https:\/\/www.radioamigavallenar.cl\/index.php?rest_route=\/wp\/v2\/posts"}],"about":[{"href":"https:\/\/www.radioamigavallenar.cl\/index.php?rest_route=\/wp\/v2\/types\/post"}],"author":[{"embeddable":true,"href":"https:\/\/www.radioamigavallenar.cl\/index.php?rest_route=\/wp\/v2\/users\/2"}],"replies":[{"embeddable":true,"href":"https:\/\/www.radioamigavallenar.cl\/index.php?rest_route=%2Fwp%2Fv2%2Fcomments&post=21502"}],"version-history":[{"count":0,"href":"https:\/\/www.radioamigavallenar.cl\/index.php?rest_route=\/wp\/v2\/posts\/21502\/revisions"}],"wp:featuredmedia":[{"embeddable":true,"href":"https:\/\/www.radioamigavallenar.cl\/index.php?rest_route=\/wp\/v2\/media\/21503"}],"wp:attachment":[{"href":"https:\/\/www.radioamigavallenar.cl\/index.php?rest_route=%2Fwp%2Fv2%2Fmedia&parent=21502"}],"wp:term":[{"taxonomy":"category","embeddable":true,"href":"https:\/\/www.radioamigavallenar.cl\/index.php?rest_route=%2Fwp%2Fv2%2Fcategories&post=21502"},{"taxonomy":"post_tag","embeddable":true,"href":"https:\/\/www.radioamigavallenar.cl\/index.php?rest_route=%2Fwp%2Fv2%2Ftags&post=21502"}],"curies":[{"name":"wp","href":"https:\/\/api.w.org\/{rel}","templated":true}]}}