{"id":21498,"date":"2020-03-04T00:00:00","date_gmt":"2020-03-04T03:00:00","guid":{"rendered":"https:\/\/www.radioamigavallenar.cl\/?p=21498"},"modified":"2020-03-03T23:30:18","modified_gmt":"2020-03-04T02:30:18","slug":"pdi-detiene-a-dos-sujetos-por-el-delito-de-robo-con-intimidacion-en-botilleria-del-puerto-de-huasco","status":"publish","type":"post","link":"https:\/\/www.radioamigavallenar.cl\/?p=21498","title":{"rendered":"PDI detiene a dos sujetos por el delito de robo con intimidaci\u00f3n en botiller\u00eda del puerto de Huasco"},"content":{"rendered":"\n<div class=\"wp-block-image\"><figure class=\"aligncenter size-large\"><img loading=\"lazy\" decoding=\"async\" width=\"614\" height=\"364\" src=\"https:\/\/www.radioamigavallenar.cl\/wp-content\/uploads\/2020\/03\/pdi.png\" alt=\"\" class=\"wp-image-21499\" srcset=\"https:\/\/www.radioamigavallenar.cl\/wp-content\/uploads\/2020\/03\/pdi.png 614w, https:\/\/www.radioamigavallenar.cl\/wp-content\/uploads\/2020\/03\/pdi-300x178.png 300w\" sizes=\"auto, (max-width: 614px) 100vw, 614px\" \/><\/figure><\/div>\n\n\n\n<p><strong>Detectives de la Brigada de Investigaci\u00f3n Criminal (BICRIM) de la PDI de Vallenar, lograron la detenci\u00f3n de dos sujetos, chilenos, mayores de edad, por su participaci\u00f3n en el delito de Robo con Intimidaci\u00f3n en una botiller\u00eda y minimarket ubicados en la poblaci\u00f3n Condell Sur, en la comuna de Huasco.<\/strong><\/p>\n\n\n\n<p>Por solicitud de la fiscal\u00eda de Vallenar, detectives adoptaron un procedimiento por el delito se\u00f1alado, concurriendo de forma inmediata hasta el sitio del suceso para iniciar la investigaci\u00f3n y obtener resultados positivos en el transcurso de las indagatorias.<\/p>\n\n\n\n<p>Los oficiales policiales lograron establecer que dos sujetos desconocidos ingresaron hasta el local comercial con capuchas, rostros cubiertos y portando armas de fuego, procediendo a intimidar a la denunciante y a su hijo para lograr su cometido. Los sujetos que tuvieron un accionar muy violento, seg\u00fan las declaraciones obtenidas, lograron sustraer un tel\u00e9fono celular y $70.000 pesos en dinero en efectivo.<\/p>\n\n\n\n<p>Siguiendo con las diligencias y en virtud al an\u00e1lisis criminal desarrollado por los detectives, se logr\u00f3 identificar a uno de los imputados concurriendo hasta su domicilio donde se tom\u00f3 contacto con su madre quien autoriz\u00f3 la entrada y registro voluntaria luego de conocer los hechos ocurridos. En el lugar se encontraba el sujeto quien declar\u00f3 de forma voluntaria reconociendo su participaci\u00f3n en el il\u00edcito. Continuando con las diligencias se logr\u00f3 la individualizaci\u00f3n de un segundo imputado, quien fue detenido en su domicilio momentos m\u00e1s tardes, en virtud a \u00f3rdenes verbales emanadas por el Juez de Letras y Garant\u00eda de Freirina.<\/p>\n\n\n\n<p>Del procedimiento se logr\u00f3 incautar las vestimentas utilizadas por los imputados en el delito de robo con intimidaci\u00f3n, sirviendo como medio de prueba y evidencia para presentarlo ante la fiscal\u00eda. Los imputados fueron puestos a disposici\u00f3n del Juzgado de Garant\u00eda en horas de esta ma\u00f1ana.<\/p>\n","protected":false},"excerpt":{"rendered":"<p>Detectives de la Brigada de Investigaci\u00f3n Criminal (BICRIM) de la PDI de Vallenar, lograron la detenci\u00f3n de dos sujetos, chilenos, mayores de edad, por su&hellip; <\/p>\n","protected":false},"author":2,"featured_media":21499,"comment_status":"open","ping_status":"closed","sticky":false,"template":"","format":"standard","meta":{"footnotes":""},"categories":[7,4,6,1,2],"tags":[],"class_list":["post-21498","post","type-post","status-publish","format-standard","has-post-thumbnail","hentry","category-atacama","category-huasco","category-policial","category-provincia-del-huasco-2","category-vallenar"],"_links":{"self":[{"href":"https:\/\/www.radioamigavallenar.cl\/index.php?rest_route=\/wp\/v2\/posts\/21498","targetHints":{"allow":["GET"]}}],"collection":[{"href":"https:\/\/www.radioamigavallenar.cl\/index.php?rest_route=\/wp\/v2\/posts"}],"about":[{"href":"https:\/\/www.radioamigavallenar.cl\/index.php?rest_route=\/wp\/v2\/types\/post"}],"author":[{"embeddable":true,"href":"https:\/\/www.radioamigavallenar.cl\/index.php?rest_route=\/wp\/v2\/users\/2"}],"replies":[{"embeddable":true,"href":"https:\/\/www.radioamigavallenar.cl\/index.php?rest_route=%2Fwp%2Fv2%2Fcomments&post=21498"}],"version-history":[{"count":0,"href":"https:\/\/www.radioamigavallenar.cl\/index.php?rest_route=\/wp\/v2\/posts\/21498\/revisions"}],"wp:featuredmedia":[{"embeddable":true,"href":"https:\/\/www.radioamigavallenar.cl\/index.php?rest_route=\/wp\/v2\/media\/21499"}],"wp:attachment":[{"href":"https:\/\/www.radioamigavallenar.cl\/index.php?rest_route=%2Fwp%2Fv2%2Fmedia&parent=21498"}],"wp:term":[{"taxonomy":"category","embeddable":true,"href":"https:\/\/www.radioamigavallenar.cl\/index.php?rest_route=%2Fwp%2Fv2%2Fcategories&post=21498"},{"taxonomy":"post_tag","embeddable":true,"href":"https:\/\/www.radioamigavallenar.cl\/index.php?rest_route=%2Fwp%2Fv2%2Ftags&post=21498"}],"curies":[{"name":"wp","href":"https:\/\/api.w.org\/{rel}","templated":true}]}}