{"id":21483,"date":"2020-03-04T00:00:00","date_gmt":"2020-03-04T03:00:00","guid":{"rendered":"https:\/\/www.radioamigavallenar.cl\/?p=21483"},"modified":"2020-03-03T23:08:37","modified_gmt":"2020-03-04T02:08:37","slug":"minsal-confirma-primer-caso-de-coronavirus-en-chile-paciente-habria-dado-positivo-en-examen-en-talca","status":"publish","type":"post","link":"https:\/\/www.radioamigavallenar.cl\/?p=21483","title":{"rendered":"Minsal confirma primer caso de coronavirus en Chile: Paciente habr\u00eda dado positivo en examen en Talca"},"content":{"rendered":"\n<div class=\"wp-block-image\"><figure class=\"aligncenter size-large\"><img loading=\"lazy\" decoding=\"async\" width=\"800\" height=\"450\" src=\"https:\/\/www.radioamigavallenar.cl\/wp-content\/uploads\/2020\/03\/1998062.jpg\" alt=\"\" class=\"wp-image-21484\" srcset=\"https:\/\/www.radioamigavallenar.cl\/wp-content\/uploads\/2020\/03\/1998062.jpg 800w, https:\/\/www.radioamigavallenar.cl\/wp-content\/uploads\/2020\/03\/1998062-300x169.jpg 300w, https:\/\/www.radioamigavallenar.cl\/wp-content\/uploads\/2020\/03\/1998062-768x432.jpg 768w\" sizes=\"auto, (max-width: 800px) 100vw, 800px\" \/><\/figure><\/div>\n\n\n\n<p>El Ministerio de Salud confirm\u00f3 ayer martes el primer caso de coronavirus COVID 19 en Chile tres meses despu\u00e9s de que comenzara el brote en China.<\/p>\n\n\n\n<p>Se trata de una persona de 33 a\u00f1os, oriunda de San Javier, con antecedente de viaje durante un mes por distintos pa\u00edses del sudeste asi\u00e1tico, particularmente en Singapur, pa\u00eds que tiene registrado 110 casos confirmados y ning\u00fan fallecido, a la fecha de hoy.<\/p>\n\n\n\n<p>Adem\u00e1s se inform\u00f3 que el paciente estuvo en Malasia, Indonesia, Islas Maldivas y Espa\u00f1a. El caso fue notificado por el Instituto de Salud P\u00fablica (ISP) y el Laboratorio del Hospital Guillermo Grant Benavente, luego de analizar la muestra del paciente mediante la t\u00e9cnica PCR.<\/p>\n\n\n\n<p>La persona se encuentra en el Hospital de Talca en buenas condiciones generales de salud y ser\u00e1 dada de alta, pero bajo vigilancia epidemiol\u00f3gica en su domicilio.<\/p>\n\n\n\n<p>\u00abEl paciente ha tenido una sintomatolog\u00eda que ha sido bastante leve despu\u00e9s de su ingreso. Se encuentra completamente asintom\u00e1tico aqu\u00ed en el Hospital de Talca\u00bb, coment\u00f3 el director del recinto asistencial, Alfredo Donoso.<\/p>\n\n\n\n<p>El 26 de febrero pasado la Seremi de Salud de la Regi\u00f3n del Maule hab\u00eda realizado un simulacro de atenci\u00f3n de un paciente con coronavirus. De hecho, el recinto es uno de los 50 que est\u00e1n capacitados para atender pacientes con esta patolog\u00eda.<\/p>\n","protected":false},"excerpt":{"rendered":"<p>El Ministerio de Salud confirm\u00f3 ayer martes el primer caso de coronavirus COVID 19 en Chile tres meses despu\u00e9s de que comenzara el brote en&hellip; <\/p>\n","protected":false},"author":2,"featured_media":21484,"comment_status":"open","ping_status":"closed","sticky":false,"template":"","format":"standard","meta":{"footnotes":""},"categories":[37],"tags":[],"class_list":["post-21483","post","type-post","status-publish","format-standard","has-post-thumbnail","hentry","category-nacional"],"_links":{"self":[{"href":"https:\/\/www.radioamigavallenar.cl\/index.php?rest_route=\/wp\/v2\/posts\/21483","targetHints":{"allow":["GET"]}}],"collection":[{"href":"https:\/\/www.radioamigavallenar.cl\/index.php?rest_route=\/wp\/v2\/posts"}],"about":[{"href":"https:\/\/www.radioamigavallenar.cl\/index.php?rest_route=\/wp\/v2\/types\/post"}],"author":[{"embeddable":true,"href":"https:\/\/www.radioamigavallenar.cl\/index.php?rest_route=\/wp\/v2\/users\/2"}],"replies":[{"embeddable":true,"href":"https:\/\/www.radioamigavallenar.cl\/index.php?rest_route=%2Fwp%2Fv2%2Fcomments&post=21483"}],"version-history":[{"count":0,"href":"https:\/\/www.radioamigavallenar.cl\/index.php?rest_route=\/wp\/v2\/posts\/21483\/revisions"}],"wp:featuredmedia":[{"embeddable":true,"href":"https:\/\/www.radioamigavallenar.cl\/index.php?rest_route=\/wp\/v2\/media\/21484"}],"wp:attachment":[{"href":"https:\/\/www.radioamigavallenar.cl\/index.php?rest_route=%2Fwp%2Fv2%2Fmedia&parent=21483"}],"wp:term":[{"taxonomy":"category","embeddable":true,"href":"https:\/\/www.radioamigavallenar.cl\/index.php?rest_route=%2Fwp%2Fv2%2Fcategories&post=21483"},{"taxonomy":"post_tag","embeddable":true,"href":"https:\/\/www.radioamigavallenar.cl\/index.php?rest_route=%2Fwp%2Fv2%2Ftags&post=21483"}],"curies":[{"name":"wp","href":"https:\/\/api.w.org\/{rel}","templated":true}]}}