{"id":21480,"date":"2020-03-04T00:00:00","date_gmt":"2020-03-04T03:00:00","guid":{"rendered":"https:\/\/www.radioamigavallenar.cl\/?p=21480"},"modified":"2020-03-03T23:06:36","modified_gmt":"2020-03-04T02:06:36","slug":"fiscalia-comenzo-exposicion-de-pruebas-en-juicio-oral-por-caso-de-femicidio-frustrado-ocurrido-en-vallenar","status":"publish","type":"post","link":"https:\/\/www.radioamigavallenar.cl\/?p=21480","title":{"rendered":"Fiscal\u00eda comenz\u00f3 exposici\u00f3n de pruebas en juicio oral por caso de femicidio frustrado ocurrido en Vallenar"},"content":{"rendered":"\n<div class=\"wp-block-image\"><figure class=\"aligncenter size-large\"><img loading=\"lazy\" decoding=\"async\" width=\"825\" height=\"650\" src=\"https:\/\/www.radioamigavallenar.cl\/wp-content\/uploads\/2020\/03\/FISCAL-NICOLAS-ZOLEZZI.jpg\" alt=\"\" class=\"wp-image-21481\" srcset=\"https:\/\/www.radioamigavallenar.cl\/wp-content\/uploads\/2020\/03\/FISCAL-NICOLAS-ZOLEZZI.jpg 825w, https:\/\/www.radioamigavallenar.cl\/wp-content\/uploads\/2020\/03\/FISCAL-NICOLAS-ZOLEZZI-300x236.jpg 300w, https:\/\/www.radioamigavallenar.cl\/wp-content\/uploads\/2020\/03\/FISCAL-NICOLAS-ZOLEZZI-768x605.jpg 768w\" sizes=\"auto, (max-width: 825px) 100vw, 825px\" \/><\/figure><\/div>\n\n\n\n<p>Audiencia se inici\u00f3 este martes y se extender\u00e1 durante toda la semana. Fiscal Jefe de la capital del Huasco, Nicol\u00e1s Zolezzi Briones, es el encargado de presentar la evidencia reunida ante los Jueces del mencionado Tribunal.<\/p>\n\n\n\n<p>La Fiscal\u00eda de Atacama comenz\u00f3 este martes a presentar los medios de prueba respecto de una investigaci\u00f3n que desarroll\u00f3 por el delito de femicidio en grado de frustrado, hecho ocurrido en Vallenar.<\/p>\n\n\n\n<p>Los argumentos de este caso est\u00e1n siendo expuestos por el fiscal jefe de esta comuna, Nicol\u00e1s Zolezzi Briones, quien en su alegato de apertura indic\u00f3 que los hechos sometidos a la indagatoria, ocurrieron en el mes de julio de a\u00f1o 2018, ocasi\u00f3n en que el imputado conduc\u00eda su veh\u00edculo por distintos sectores de la ciudad en compa\u00f1\u00eda de su ex conviviente con quien tiene dos hijos en com\u00fan. Acci\u00f3n que de acuerdo a lo establecido, realizaba luego de haber consumido alcohol.<\/p>\n\n\n\n<p>De acuerdo a los hechos relatados por el fiscal, el veh\u00edculo lleg\u00f3 hasta el sector de la Avenida Costanera, lugar en que ambos sostuvieron una discusi\u00f3n luego de lo cual el acusado oblig\u00f3 a la mujer a descender del m\u00f3vil. Luego de ello, el conductor continu\u00f3 la marcha y dirigi\u00f3 el veh\u00edculo directo a su ex conviviente quien se encontraba en la calzada, atropell\u00e1ndola con la parte delantera del auto, para luego pasar una de las ruedas por sobre el cuerpo de la afectada.<br>A ra\u00edz de esto, de acuerdo a lo indicado por el fiscal en el primer d\u00eda de audiencia de juicio oral, la v\u00edctima sufri\u00f3 lesiones graves por lo que tuvo que ser internada en el Hospital Provincial de esta comuna.<\/p>\n\n\n\n<p>Por estos hechos la Fiscal\u00eda present\u00f3 acusaci\u00f3n en contra del imputado en su calidad de autor del delito de femicidio en grado de frustrado. Argumentando que durante la presentaci\u00f3n de los medios de prueba, cuenta con el testimonio de 20 testigos. Todos ellos, estar\u00e1n acompa\u00f1ados por funcionarios de la Unidad de Atenci\u00f3n a V\u00edctimas y Testigos de la Fiscal\u00eda de Atacama.<\/p>\n\n\n\n<p>Seg\u00fan el fiscal Zolezzi Briones, el Juicio Oral se extender\u00e1 durante toda esta semana.<\/p>\n","protected":false},"excerpt":{"rendered":"<p>Audiencia se inici\u00f3 este martes y se extender\u00e1 durante toda la semana. Fiscal Jefe de la capital del Huasco, Nicol\u00e1s Zolezzi Briones, es el encargado&hellip; <\/p>\n","protected":false},"author":2,"featured_media":21481,"comment_status":"open","ping_status":"closed","sticky":false,"template":"","format":"standard","meta":{"footnotes":""},"categories":[7,6],"tags":[],"class_list":["post-21480","post","type-post","status-publish","format-standard","has-post-thumbnail","hentry","category-atacama","category-policial"],"_links":{"self":[{"href":"https:\/\/www.radioamigavallenar.cl\/index.php?rest_route=\/wp\/v2\/posts\/21480","targetHints":{"allow":["GET"]}}],"collection":[{"href":"https:\/\/www.radioamigavallenar.cl\/index.php?rest_route=\/wp\/v2\/posts"}],"about":[{"href":"https:\/\/www.radioamigavallenar.cl\/index.php?rest_route=\/wp\/v2\/types\/post"}],"author":[{"embeddable":true,"href":"https:\/\/www.radioamigavallenar.cl\/index.php?rest_route=\/wp\/v2\/users\/2"}],"replies":[{"embeddable":true,"href":"https:\/\/www.radioamigavallenar.cl\/index.php?rest_route=%2Fwp%2Fv2%2Fcomments&post=21480"}],"version-history":[{"count":0,"href":"https:\/\/www.radioamigavallenar.cl\/index.php?rest_route=\/wp\/v2\/posts\/21480\/revisions"}],"wp:featuredmedia":[{"embeddable":true,"href":"https:\/\/www.radioamigavallenar.cl\/index.php?rest_route=\/wp\/v2\/media\/21481"}],"wp:attachment":[{"href":"https:\/\/www.radioamigavallenar.cl\/index.php?rest_route=%2Fwp%2Fv2%2Fmedia&parent=21480"}],"wp:term":[{"taxonomy":"category","embeddable":true,"href":"https:\/\/www.radioamigavallenar.cl\/index.php?rest_route=%2Fwp%2Fv2%2Fcategories&post=21480"},{"taxonomy":"post_tag","embeddable":true,"href":"https:\/\/www.radioamigavallenar.cl\/index.php?rest_route=%2Fwp%2Fv2%2Ftags&post=21480"}],"curies":[{"name":"wp","href":"https:\/\/api.w.org\/{rel}","templated":true}]}}