{"id":21477,"date":"2020-03-03T13:12:47","date_gmt":"2020-03-03T16:12:47","guid":{"rendered":"https:\/\/www.radioamigavallenar.cl\/?p=21477"},"modified":"2020-03-03T13:12:53","modified_gmt":"2020-03-03T16:12:53","slug":"junji-atacama-entrega-recomendaciones-para-los-primeros-dias-de-jardin-infantil","status":"publish","type":"post","link":"https:\/\/www.radioamigavallenar.cl\/?p=21477","title":{"rendered":"JUNJI Atacama entrega recomendaciones para los primeros d\u00edas de jard\u00edn infantil"},"content":{"rendered":"\n<div class=\"wp-block-image\"><figure class=\"aligncenter size-large\"><img loading=\"lazy\" decoding=\"async\" width=\"715\" height=\"596\" src=\"https:\/\/www.radioamigavallenar.cl\/wp-content\/uploads\/2020\/03\/PRIMER-DIA-OK.jpg\" alt=\"\" class=\"wp-image-21478\" srcset=\"https:\/\/www.radioamigavallenar.cl\/wp-content\/uploads\/2020\/03\/PRIMER-DIA-OK.jpg 715w, https:\/\/www.radioamigavallenar.cl\/wp-content\/uploads\/2020\/03\/PRIMER-DIA-OK-300x250.jpg 300w\" sizes=\"auto, (max-width: 715px) 100vw, 715px\" \/><\/figure><\/div>\n\n\n\n<p>El d\u00eda 4 de marzo ingresan ni\u00f1os nuevos a jardines infantiles de la JUNJI y el d\u00eda 6 de marzo ingresan p\u00e1rvulos que asist\u00edan anteriormente.<\/p>\n\n\n\n<p><em>Durante las primeras semanas de marzo, ni\u00f1as y ni\u00f1os se enfrentan a su primer d\u00eda de jard\u00edn infantil, lo que significa aprender una nueva rutina y abrirse al mundo. Para familiarizarse de buena manera, JUNJI entrega las siguientes recomendaciones.<\/em><\/p>\n\n\n\n<p>A pocas horas de que cientos de ni\u00f1os y ni\u00f1as ingresen por primera vez a los jardines infantiles de la JUNJI Atacama, la instituci\u00f3n entrega las claves para que este periodo de adaptaci\u00f3n sea un \u00e9xito.<\/p>\n\n\n\n<p>El director regional de JUNJI, Luis Campusano Kemp, explica que este tiempo de familiarizaci\u00f3n con el jard\u00edn infantil puede durar hasta tres semanas.<\/p>\n\n\n\n<p>\u201cSe trata de que el ni\u00f1o y ni\u00f1a se familiarice con el espacio educativo, ya sea porque est\u00e1 entrando por primera vez al jard\u00edn infantil o cambi\u00f3 de nivel y tiene nuevas educadoras, t\u00e9cnicas y pas\u00f3 a otra aula\u201d, explica.<\/p>\n\n\n\n<p>Despu\u00e9s de ese periodo, si el ni\u00f1o o ni\u00f1a sigue manifestando rechazo o incomodidad a su nueva rutina, el equipo educativo del jard\u00edn infantil debe reunirse con la familia para levantar estrategias en conjunto.<\/p>\n\n\n\n<p>\u201cEn ning\u00fan caso, se debe desistir de que el ni\u00f1o vaya al jard\u00edn infantil. Ya que, adem\u00e1s de ser un derecho su educaci\u00f3n, la asistencia permanente favorecer\u00e1 que el p\u00e1rvulo, progresivamente, logre familiarizarse con el espacio educativo y se sienta parte y participe en las experiencias de aprendizaje\u201d, subray\u00f3 la autoridad.<\/p>\n\n\n\n<p class=\"has-text-align-center\"><strong>Cada ni\u00f1o tiene su ritmo<\/strong><\/p>\n\n\n\n<p>Otro consejo es observar y tomar en cuenta la particularidad de cada ni\u00f1o y ni\u00f1a. Es muy importante respetar y confiar en c\u00f3mo se desenvolver\u00e1n los p\u00e1rvulos en el jard\u00edn. El equipo educativo debe propiciar ambientes educativos acogedores y respetuosos de la diferencia. Es importante que el equipo y la familia comprenda que cada ni\u00f1o y ni\u00f1a tiene su propio ritmo de adaptaci\u00f3n al jard\u00edn. En caso de que el ni\u00f1o tenga pena o llore la recomendaci\u00f3n es acogerlo y empatizar con sus sentimientos. Eso le dar\u00e1 tranquilidad.<\/p>\n\n\n\n<p class=\"has-text-align-center\"><strong>La comunicaci\u00f3n es fundamental<\/strong><\/p>\n\n\n\n<p>En el jard\u00edn infantil debe haber siempre espacios de comunicaci\u00f3n fluidos con las familias, como las reuniones de apoderados, entrevistas, llamados telef\u00f3nicos o visitas domiciliarias, entre otros. La familia, por su parte, debe comunicar al jard\u00edn sobre c\u00f3mo es su hijo o hija, qu\u00e9 cosas le gustan y cu\u00e1les son sus intereses.<\/p>\n\n\n\n<p>En esta etapa es importante mostrar tranquilidad frente a los ni\u00f1os y animarlos a asistir. Si como familia enfrentan aprensiones, es importante que se resuelvan todas esas inquietudes conversando y manteniendo un di\u00e1logo fluido con el equipo educativo.<\/p>\n\n\n\n<p>El control de esf\u00ednter no es un motivo para no ser recibido en el jard\u00edn infantil. Para que los ni\u00f1os y ni\u00f1as dejen el pa\u00f1al y logren el hito del control de esf\u00ednter, se requiere cierto nivel de maduraci\u00f3n fisiol\u00f3gica, emocional y cognitiva. Cada ni\u00f1o lo logra a su ritmo. El jard\u00edn infantil es muy importante en esta tarea. Usar pa\u00f1ales no es una raz\u00f3n para negarle la matr\u00edcula a un p\u00e1rvulo, independiente del nivel educativo. De ser as\u00ed, este hecho se debe denunciar a la Intendencia de Educaci\u00f3n Parvularia o al SIAC en caso de que el jard\u00edn pertenezca a la JUNJI.<\/p>\n\n\n\n<p><strong>10 consejos para que tu hijo o hija se adapte exitosamente al jard\u00edn infantil<\/strong>:<\/p>\n\n\n\n<ol class=\"wp-block-list\"><li>Practiquen previamente como familia los horarios de acostarse y levantarse, para que se acostumbren a la nueva rutina del jard\u00edn infantil.<\/li><li>Conversa con tu hijo o hija sobre la nueva etapa que comienza. Transm\u00edtele tranquilidad y cu\u00e9ntale c\u00f3mo ser\u00e1 esta nueva experiencia; que la familia estar\u00e1 cerca y siempre ir\u00e1n a buscarlo.<\/li><li>Visita el jard\u00edn infantil unos d\u00edas antes de que comience a asistir regularmente, para que se familiarice; pueden pasar por el frontis si est\u00e1 cerrado o llevarlo al momento de la matr\u00edcula.<\/li><li>Inf\u00f3rmate sobre el proyecto educativo, el equipo educativo que conforma el jard\u00edn, y las educadoras y t\u00e9cnicas que tendr\u00e1n m\u00e1s contacto con tu hijo o hija.<\/li><li>No olvides que cada ni\u00f1a o ni\u00f1o tiene su propio ritmo de adaptaci\u00f3n. Conf\u00eda y transm\u00edtele seguridad.<\/li><li>Expresa abiertamente al equipo educativo tus inquietudes, consultas, sugerencias o dificultades en torno a esta nueva etapa. La comunicaci\u00f3n es fundamental.<\/li><li>Cu\u00e9ntale a las educadoras y t\u00e9cnicas sobre tu hijo o hija para que lo vayan conociendo: c\u00f3mo le gusta que lo llamen, cu\u00e1les son sus juegos preferidos, sus caracter\u00edsticas, etc.<\/li><li>Perm\u00edtele a tu hijo o hija que, durante este periodo de adaptaci\u00f3n al jard\u00edn, lleve al jard\u00edn alg\u00fan objeto que le sea significativo, como su tuto o juguete favorito.<\/li><li>\u00a1No faltes! La asistencia permanente es fundamental para una adaptaci\u00f3n exitosa. Si los ni\u00f1os y ni\u00f1as van frecuentemente, se familiarizar\u00e1n con la rutina y lo pasar\u00e1n muy bien.<\/li><li>Si das leche, puedes extraerte y entregar la leche al jard\u00edn para que la mantengan refrigerada y se la den a tu beb\u00e9 cuando corresponda. Tambi\u00e9n, tienes la posibilidad de amamantar en el mismo recinto, en salas de lactancia.<\/li><\/ol>\n","protected":false},"excerpt":{"rendered":"<p>El d\u00eda 4 de marzo ingresan ni\u00f1os nuevos a jardines infantiles de la JUNJI y el d\u00eda 6 de marzo ingresan p\u00e1rvulos que asist\u00edan anteriormente.&hellip; <\/p>\n","protected":false},"author":2,"featured_media":21478,"comment_status":"open","ping_status":"closed","sticky":false,"template":"","format":"standard","meta":{"footnotes":""},"categories":[7],"tags":[],"class_list":["post-21477","post","type-post","status-publish","format-standard","has-post-thumbnail","hentry","category-atacama"],"_links":{"self":[{"href":"https:\/\/www.radioamigavallenar.cl\/index.php?rest_route=\/wp\/v2\/posts\/21477","targetHints":{"allow":["GET"]}}],"collection":[{"href":"https:\/\/www.radioamigavallenar.cl\/index.php?rest_route=\/wp\/v2\/posts"}],"about":[{"href":"https:\/\/www.radioamigavallenar.cl\/index.php?rest_route=\/wp\/v2\/types\/post"}],"author":[{"embeddable":true,"href":"https:\/\/www.radioamigavallenar.cl\/index.php?rest_route=\/wp\/v2\/users\/2"}],"replies":[{"embeddable":true,"href":"https:\/\/www.radioamigavallenar.cl\/index.php?rest_route=%2Fwp%2Fv2%2Fcomments&post=21477"}],"version-history":[{"count":0,"href":"https:\/\/www.radioamigavallenar.cl\/index.php?rest_route=\/wp\/v2\/posts\/21477\/revisions"}],"wp:featuredmedia":[{"embeddable":true,"href":"https:\/\/www.radioamigavallenar.cl\/index.php?rest_route=\/wp\/v2\/media\/21478"}],"wp:attachment":[{"href":"https:\/\/www.radioamigavallenar.cl\/index.php?rest_route=%2Fwp%2Fv2%2Fmedia&parent=21477"}],"wp:term":[{"taxonomy":"category","embeddable":true,"href":"https:\/\/www.radioamigavallenar.cl\/index.php?rest_route=%2Fwp%2Fv2%2Fcategories&post=21477"},{"taxonomy":"post_tag","embeddable":true,"href":"https:\/\/www.radioamigavallenar.cl\/index.php?rest_route=%2Fwp%2Fv2%2Ftags&post=21477"}],"curies":[{"name":"wp","href":"https:\/\/api.w.org\/{rel}","templated":true}]}}