{"id":21470,"date":"2020-03-03T12:33:17","date_gmt":"2020-03-03T15:33:17","guid":{"rendered":"https:\/\/www.radioamigavallenar.cl\/?p=21470"},"modified":"2020-03-03T12:33:19","modified_gmt":"2020-03-03T15:33:19","slug":"la-expo-dance-cerro-las-actividades-del-verano-2020-en-el-paseo-ribereno-en-vallenar","status":"publish","type":"post","link":"https:\/\/www.radioamigavallenar.cl\/?p=21470","title":{"rendered":"La \u201cExpo Dance\u201d cerr\u00f3 las actividades del verano 2020 En el paseo ribere\u00f1o en Vallenar."},"content":{"rendered":"\n<figure class=\"wp-block-gallery columns-3 is-cropped wp-block-gallery-1 is-layout-flex wp-block-gallery-is-layout-flex\"><ul class=\"blocks-gallery-grid\"><li class=\"blocks-gallery-item\"><figure><img loading=\"lazy\" decoding=\"async\" width=\"1024\" height=\"684\" src=\"https:\/\/www.radioamigavallenar.cl\/wp-content\/uploads\/2020\/03\/DSC_0088-1024x684.jpg\" alt=\"\" data-id=\"21471\" data-full-url=\"https:\/\/www.radioamigavallenar.cl\/wp-content\/uploads\/2020\/03\/DSC_0088-scaled.jpg\" data-link=\"https:\/\/www.radioamigavallenar.cl\/?attachment_id=21471\" class=\"wp-image-21471\" srcset=\"https:\/\/www.radioamigavallenar.cl\/wp-content\/uploads\/2020\/03\/DSC_0088-1024x684.jpg 1024w, https:\/\/www.radioamigavallenar.cl\/wp-content\/uploads\/2020\/03\/DSC_0088-300x201.jpg 300w, https:\/\/www.radioamigavallenar.cl\/wp-content\/uploads\/2020\/03\/DSC_0088-768x513.jpg 768w, https:\/\/www.radioamigavallenar.cl\/wp-content\/uploads\/2020\/03\/DSC_0088-1536x1027.jpg 1536w, https:\/\/www.radioamigavallenar.cl\/wp-content\/uploads\/2020\/03\/DSC_0088-2048x1369.jpg 2048w\" sizes=\"auto, (max-width: 1024px) 100vw, 1024px\" \/><\/figure><\/li><li class=\"blocks-gallery-item\"><figure><img loading=\"lazy\" decoding=\"async\" width=\"1024\" height=\"684\" src=\"https:\/\/www.radioamigavallenar.cl\/wp-content\/uploads\/2020\/03\/DSC_0111-1024x684.jpg\" alt=\"\" data-id=\"21472\" data-full-url=\"https:\/\/www.radioamigavallenar.cl\/wp-content\/uploads\/2020\/03\/DSC_0111-scaled.jpg\" data-link=\"https:\/\/www.radioamigavallenar.cl\/?attachment_id=21472\" class=\"wp-image-21472\" srcset=\"https:\/\/www.radioamigavallenar.cl\/wp-content\/uploads\/2020\/03\/DSC_0111-1024x684.jpg 1024w, https:\/\/www.radioamigavallenar.cl\/wp-content\/uploads\/2020\/03\/DSC_0111-300x201.jpg 300w, https:\/\/www.radioamigavallenar.cl\/wp-content\/uploads\/2020\/03\/DSC_0111-768x513.jpg 768w, https:\/\/www.radioamigavallenar.cl\/wp-content\/uploads\/2020\/03\/DSC_0111-1536x1027.jpg 1536w, https:\/\/www.radioamigavallenar.cl\/wp-content\/uploads\/2020\/03\/DSC_0111-2048x1369.jpg 2048w\" sizes=\"auto, (max-width: 1024px) 100vw, 1024px\" \/><\/figure><\/li><li class=\"blocks-gallery-item\"><figure><img loading=\"lazy\" decoding=\"async\" width=\"1024\" height=\"684\" src=\"https:\/\/www.radioamigavallenar.cl\/wp-content\/uploads\/2020\/03\/DSC_0117-1024x684.jpg\" alt=\"\" data-id=\"21473\" data-full-url=\"https:\/\/www.radioamigavallenar.cl\/wp-content\/uploads\/2020\/03\/DSC_0117-scaled.jpg\" data-link=\"https:\/\/www.radioamigavallenar.cl\/?attachment_id=21473\" class=\"wp-image-21473\" srcset=\"https:\/\/www.radioamigavallenar.cl\/wp-content\/uploads\/2020\/03\/DSC_0117-1024x684.jpg 1024w, https:\/\/www.radioamigavallenar.cl\/wp-content\/uploads\/2020\/03\/DSC_0117-300x201.jpg 300w, https:\/\/www.radioamigavallenar.cl\/wp-content\/uploads\/2020\/03\/DSC_0117-768x513.jpg 768w, https:\/\/www.radioamigavallenar.cl\/wp-content\/uploads\/2020\/03\/DSC_0117-1536x1027.jpg 1536w, https:\/\/www.radioamigavallenar.cl\/wp-content\/uploads\/2020\/03\/DSC_0117-2048x1369.jpg 2048w\" sizes=\"auto, (max-width: 1024px) 100vw, 1024px\" \/><\/figure><\/li><li class=\"blocks-gallery-item\"><figure><img loading=\"lazy\" decoding=\"async\" width=\"1024\" height=\"684\" src=\"https:\/\/www.radioamigavallenar.cl\/wp-content\/uploads\/2020\/03\/DSC_0133-1024x684.jpg\" alt=\"\" data-id=\"21474\" data-full-url=\"https:\/\/www.radioamigavallenar.cl\/wp-content\/uploads\/2020\/03\/DSC_0133-scaled.jpg\" data-link=\"https:\/\/www.radioamigavallenar.cl\/?attachment_id=21474\" class=\"wp-image-21474\" srcset=\"https:\/\/www.radioamigavallenar.cl\/wp-content\/uploads\/2020\/03\/DSC_0133-1024x684.jpg 1024w, https:\/\/www.radioamigavallenar.cl\/wp-content\/uploads\/2020\/03\/DSC_0133-300x201.jpg 300w, https:\/\/www.radioamigavallenar.cl\/wp-content\/uploads\/2020\/03\/DSC_0133-768x513.jpg 768w, https:\/\/www.radioamigavallenar.cl\/wp-content\/uploads\/2020\/03\/DSC_0133-1536x1027.jpg 1536w, https:\/\/www.radioamigavallenar.cl\/wp-content\/uploads\/2020\/03\/DSC_0133-2048x1369.jpg 2048w\" sizes=\"auto, (max-width: 1024px) 100vw, 1024px\" \/><\/figure><\/li><li class=\"blocks-gallery-item\"><figure><img loading=\"lazy\" decoding=\"async\" width=\"1024\" height=\"684\" src=\"https:\/\/www.radioamigavallenar.cl\/wp-content\/uploads\/2020\/03\/DSC_0195-1024x684.jpg\" alt=\"\" data-id=\"21475\" data-full-url=\"https:\/\/www.radioamigavallenar.cl\/wp-content\/uploads\/2020\/03\/DSC_0195-scaled.jpg\" data-link=\"https:\/\/www.radioamigavallenar.cl\/?attachment_id=21475\" class=\"wp-image-21475\" srcset=\"https:\/\/www.radioamigavallenar.cl\/wp-content\/uploads\/2020\/03\/DSC_0195-1024x684.jpg 1024w, https:\/\/www.radioamigavallenar.cl\/wp-content\/uploads\/2020\/03\/DSC_0195-300x201.jpg 300w, https:\/\/www.radioamigavallenar.cl\/wp-content\/uploads\/2020\/03\/DSC_0195-768x513.jpg 768w, https:\/\/www.radioamigavallenar.cl\/wp-content\/uploads\/2020\/03\/DSC_0195-1536x1027.jpg 1536w, https:\/\/www.radioamigavallenar.cl\/wp-content\/uploads\/2020\/03\/DSC_0195-2048x1369.jpg 2048w\" sizes=\"auto, (max-width: 1024px) 100vw, 1024px\" \/><\/figure><\/li><\/ul><\/figure>\n\n\n\n<p>Con presentaciones de\ncantantes solistas y agrupaciones de bailes y danza se realiz\u00f3 en el paseo\nribere\u00f1o el cierre de las actividades del verano 2020, actividad organizada por\nel municipio de Vallenar y la academia complicidad.<\/p>\n\n\n\n<p>Fueron m\u00e1s de 20\nagrupaciones las que subieron al escenario del anfiteatro, para demostrar sus\ndiversas habilidades y destrezas del baile en sus diferentes expresiones,\npasando por el tango, la cumbia, el rock, el tinkus, el k-pop, el breake, el\nbaile caporal, el pole dance y por su puesto la cueca, presentaciones que\nfueron muy aplaudidas por los asistentes.<\/p>\n\n\n\n<p>La actividad que\nestuvo encabezada por el alcalde Cristian Tapia Ramos y el concejal Luis\nValderrama Malt\u00e9s, fue la \u00faltima actividad masiva que estaba programada en el\nextenso y variado calendario de actividades planificadas por el municipio de\nVallenar, para esta temporada estival 2020, cumpliendo con creces los objetivos\nplanteados por el equipo municipal.<\/p>\n\n\n\n<p>Yaqueline Campos\nencargada de la academia Complicidad, qui\u00e9n organiz\u00f3 junto al municipio esta\nactividad, se manifest\u00f3 muy contenta por el recibimiento del p\u00fablico en la\nactividad.<\/p>\n\n\n\n<p><strong>\u201cFue espectacular, pudimos organizar 20 grupos de Alto\ndel Carmen, de Huasco, de Vallenar, de Copiap\u00f3 que vino gente a bailar, hay\nmucho talento ac\u00e1 y tu viste la puesta en escena, el vestuario, la\ncoordinaci\u00f3n, se pudo ordenar en bloques y bueno sali\u00f3 todo hermoso, un\nagradecimiento a toda la gente que colaboro con nosotros, todos los grupos que\nparticiparon con mucho animo y se prepararon much\u00edsimo para hacer esto\u201d.<\/strong><\/p>\n\n\n\n<p>Destac\u00f3 adem\u00e1s el\napoyo del municipio para realizar el evento, porque gracias a ellos, pudieron\ntener esta puesta en escena que, para cualquier bailar\u00edn, cualquier cantante es\nespectacular tener este escenario, muchos ni\u00f1os pudieron cumplir su sue\u00f1o,\nni\u00f1os que cantaron, que bailaron y ojal\u00e1 se repita todos los a\u00f1os.&nbsp;&nbsp;&nbsp;&nbsp; <\/p>\n\n\n\n<p>La autoridad comunal,\nel alcalde Cristian Tapia Ramos, hizo un reconocimiento a todos quienes\nparticiparon de la actividad e hizo un balance de todas las actividades del\nverano que comenzaron el 4 de enero y que culminan el 01 de marzo.&nbsp; <\/p>\n\n\n\n<p><strong>\u201cSolamente desearles mucha felicidad, desearle a\nlos ni\u00f1os y j\u00f3venes que ingresan al sistema educativo, que sean muy bien\nrecibidos, que tengan un extraordinario a\u00f1o, a la gente que trabaja en la\neducaci\u00f3n, creemos que no va hacer un a\u00f1o f\u00e1cil, pero siempre las ganas de\nsalir adelante , siempre con esfuerzo y perseverancia, creo que le va a ir a\ntodos muy bien, a los que salen a estudiar afuera, los que salen a trabajar\nafuera lo mejor de la suerte y cada uno de ustedes decirles que vamos a seguir\ntrabajando en pos de \u00e9sta comuna, para que cada d\u00eda tenga mejor proyecci\u00f3n y\ncada d\u00eda nos sintamos m\u00e1s orgullosos de ser vallenarinas y vallenarinos\u201d.<\/strong><\/p>\n","protected":false},"excerpt":{"rendered":"<p>Con presentaciones de cantantes solistas y agrupaciones de bailes y danza se realiz\u00f3 en el paseo ribere\u00f1o el cierre de las actividades del verano 2020,&hellip; <\/p>\n","protected":false},"author":2,"featured_media":21471,"comment_status":"open","ping_status":"closed","sticky":false,"template":"","format":"standard","meta":{"footnotes":""},"categories":[1,2],"tags":[],"class_list":["post-21470","post","type-post","status-publish","format-standard","has-post-thumbnail","hentry","category-provincia-del-huasco-2","category-vallenar"],"_links":{"self":[{"href":"https:\/\/www.radioamigavallenar.cl\/index.php?rest_route=\/wp\/v2\/posts\/21470","targetHints":{"allow":["GET"]}}],"collection":[{"href":"https:\/\/www.radioamigavallenar.cl\/index.php?rest_route=\/wp\/v2\/posts"}],"about":[{"href":"https:\/\/www.radioamigavallenar.cl\/index.php?rest_route=\/wp\/v2\/types\/post"}],"author":[{"embeddable":true,"href":"https:\/\/www.radioamigavallenar.cl\/index.php?rest_route=\/wp\/v2\/users\/2"}],"replies":[{"embeddable":true,"href":"https:\/\/www.radioamigavallenar.cl\/index.php?rest_route=%2Fwp%2Fv2%2Fcomments&post=21470"}],"version-history":[{"count":0,"href":"https:\/\/www.radioamigavallenar.cl\/index.php?rest_route=\/wp\/v2\/posts\/21470\/revisions"}],"wp:featuredmedia":[{"embeddable":true,"href":"https:\/\/www.radioamigavallenar.cl\/index.php?rest_route=\/wp\/v2\/media\/21471"}],"wp:attachment":[{"href":"https:\/\/www.radioamigavallenar.cl\/index.php?rest_route=%2Fwp%2Fv2%2Fmedia&parent=21470"}],"wp:term":[{"taxonomy":"category","embeddable":true,"href":"https:\/\/www.radioamigavallenar.cl\/index.php?rest_route=%2Fwp%2Fv2%2Fcategories&post=21470"},{"taxonomy":"post_tag","embeddable":true,"href":"https:\/\/www.radioamigavallenar.cl\/index.php?rest_route=%2Fwp%2Fv2%2Ftags&post=21470"}],"curies":[{"name":"wp","href":"https:\/\/api.w.org\/{rel}","templated":true}]}}