{"id":21464,"date":"2020-03-03T11:45:00","date_gmt":"2020-03-03T14:45:00","guid":{"rendered":"https:\/\/www.radioamigavallenar.cl\/?p=21464"},"modified":"2020-03-03T11:45:02","modified_gmt":"2020-03-03T14:45:02","slug":"en-vallenar-miles-de-visitantes-tuvo-la-fiesta-de-la-chilenidad-en-expo-verano","status":"publish","type":"post","link":"https:\/\/www.radioamigavallenar.cl\/?p=21464","title":{"rendered":"En Vallenar Miles de visitantes tuvo la fiesta de la chilenidad en Expo Verano."},"content":{"rendered":"\n<figure class=\"wp-block-gallery columns-3 is-cropped wp-block-gallery-1 is-layout-flex wp-block-gallery-is-layout-flex\"><ul class=\"blocks-gallery-grid\"><li class=\"blocks-gallery-item\"><figure><img loading=\"lazy\" decoding=\"async\" width=\"1024\" height=\"684\" src=\"https:\/\/www.radioamigavallenar.cl\/wp-content\/uploads\/2020\/03\/DSC_0056-1024x684.jpg\" alt=\"\" data-id=\"21465\" data-full-url=\"https:\/\/www.radioamigavallenar.cl\/wp-content\/uploads\/2020\/03\/DSC_0056-scaled.jpg\" data-link=\"https:\/\/www.radioamigavallenar.cl\/?attachment_id=21465\" class=\"wp-image-21465\" srcset=\"https:\/\/www.radioamigavallenar.cl\/wp-content\/uploads\/2020\/03\/DSC_0056-1024x684.jpg 1024w, https:\/\/www.radioamigavallenar.cl\/wp-content\/uploads\/2020\/03\/DSC_0056-300x201.jpg 300w, https:\/\/www.radioamigavallenar.cl\/wp-content\/uploads\/2020\/03\/DSC_0056-768x513.jpg 768w, https:\/\/www.radioamigavallenar.cl\/wp-content\/uploads\/2020\/03\/DSC_0056-1536x1027.jpg 1536w, https:\/\/www.radioamigavallenar.cl\/wp-content\/uploads\/2020\/03\/DSC_0056-2048x1369.jpg 2048w\" sizes=\"auto, (max-width: 1024px) 100vw, 1024px\" \/><\/figure><\/li><li class=\"blocks-gallery-item\"><figure><img loading=\"lazy\" decoding=\"async\" width=\"1024\" height=\"768\" src=\"https:\/\/www.radioamigavallenar.cl\/wp-content\/uploads\/2020\/03\/IMG_20200228_144349153_HDR-1024x768.jpg\" alt=\"\" data-id=\"21466\" data-full-url=\"https:\/\/www.radioamigavallenar.cl\/wp-content\/uploads\/2020\/03\/IMG_20200228_144349153_HDR-scaled.jpg\" data-link=\"https:\/\/www.radioamigavallenar.cl\/?attachment_id=21466\" class=\"wp-image-21466\" srcset=\"https:\/\/www.radioamigavallenar.cl\/wp-content\/uploads\/2020\/03\/IMG_20200228_144349153_HDR-1024x768.jpg 1024w, https:\/\/www.radioamigavallenar.cl\/wp-content\/uploads\/2020\/03\/IMG_20200228_144349153_HDR-300x225.jpg 300w, https:\/\/www.radioamigavallenar.cl\/wp-content\/uploads\/2020\/03\/IMG_20200228_144349153_HDR-768x576.jpg 768w, https:\/\/www.radioamigavallenar.cl\/wp-content\/uploads\/2020\/03\/IMG_20200228_144349153_HDR-1536x1152.jpg 1536w, https:\/\/www.radioamigavallenar.cl\/wp-content\/uploads\/2020\/03\/IMG_20200228_144349153_HDR-2048x1536.jpg 2048w\" sizes=\"auto, (max-width: 1024px) 100vw, 1024px\" \/><\/figure><\/li><li class=\"blocks-gallery-item\"><figure><img loading=\"lazy\" decoding=\"async\" width=\"1024\" height=\"768\" src=\"https:\/\/www.radioamigavallenar.cl\/wp-content\/uploads\/2020\/03\/IMG_20200229_115946813-1024x768.jpg\" alt=\"\" data-id=\"21467\" data-full-url=\"https:\/\/www.radioamigavallenar.cl\/wp-content\/uploads\/2020\/03\/IMG_20200229_115946813-scaled.jpg\" data-link=\"https:\/\/www.radioamigavallenar.cl\/?attachment_id=21467\" class=\"wp-image-21467\" srcset=\"https:\/\/www.radioamigavallenar.cl\/wp-content\/uploads\/2020\/03\/IMG_20200229_115946813-1024x768.jpg 1024w, https:\/\/www.radioamigavallenar.cl\/wp-content\/uploads\/2020\/03\/IMG_20200229_115946813-300x225.jpg 300w, https:\/\/www.radioamigavallenar.cl\/wp-content\/uploads\/2020\/03\/IMG_20200229_115946813-768x576.jpg 768w, https:\/\/www.radioamigavallenar.cl\/wp-content\/uploads\/2020\/03\/IMG_20200229_115946813-1536x1152.jpg 1536w, https:\/\/www.radioamigavallenar.cl\/wp-content\/uploads\/2020\/03\/IMG_20200229_115946813-2048x1536.jpg 2048w\" sizes=\"auto, (max-width: 1024px) 100vw, 1024px\" \/><\/figure><\/li><\/ul><\/figure>\n\n\n\n<p><em><strong>Organizada por la Ilustre Municipalidad de Vallenar, a trav\u00e9s de la Oficina de Fomento Productivo<\/strong><\/em><\/p>\n\n\n\n<p>Fueron m\u00e1s de 50 puestos los que dieron\nvida a la Expo Verano 2020\u201d, en el sector del Vivero Municipal, muestra que\ncont\u00f3 con la presencia del alcalde Cristian Tapia Ramos, los concejales V\u00edctor\nIsla, Robinson Morales, Luis Valderrama, Norma Torrej\u00f3n, representantes de los\nexpositores e invitados especiales.<\/p>\n\n\n\n<p>Esta exposici\u00f3n rescat\u00f3una muestra de la\nproducci\u00f3n agrofrut\u00edcola del valle del Huasco, as\u00ed como tambi\u00e9n diversos\nproductos artesanalmente, como miel, arrope, pajarete, helados de nieve y otros\nque fueron muy apreciados por los visitantes que llegaron en gran cantidad\nhasta el principal pulm\u00f3n verde de la comuna, como es el Vivero Municipal que\nestuvo abiertodurante tres d\u00edas.<\/p>\n\n\n\n<p>Cabe destacar que esta expo Verano se\nrealiz\u00f3 en su segunda versi\u00f3n teniendo como atractivos, la muestra de n\u00fameros\nart\u00edsticos durante todos los d\u00edas, adem\u00e1s de la presencia del departamento de\nmedio ambiente, quienes estuvieron entregando \u00e1rboles, realizando\nesterilizaciones y haciendo talleres para los m\u00e1s peque\u00f1os de la casa.<\/p>\n\n\n\n<p>Y sin duda uno de los momentos m\u00e1s esperado\ny llamativos de la feria fue la degustaci\u00f3n gratuita del cabrito al palo,\npreparado por el equipo municipal y que fue repartido a cientos de asistentes a\nla feria.<\/p>\n\n\n\n<p>Verenice G\u00f3ngora, turista santiaguina, de\npaso por la ciudad, qued\u00f3 maravillada con esta fiesta de la chilenidad:\n\u201cFabulosa, me encanta, nunca hab\u00eda participado en otras exposiciones, aunque siempre\nvengo los verano a Vallenar. Esto me pareci\u00f3 fant\u00e1stico y, m\u00e1s encima, que sea\ngratis y que den a degustar, sobre todo para m\u00ed, que vivo en Santiago, me parece\nfant\u00e1stico\u201d.<\/p>\n\n\n\n<p>Por su parte, el antofagastino Patricio\nBravo, no escatim\u00f3 elogios para esta actividad organizada por el municipio\nvallenarino: \u201cPrimera vez que estoy en Vallenar, no conoc\u00eda, estoy de viaje.\nHicimos un tour por la Quinta Regi\u00f3n y, paseando de ciudad en ciudad, llegamos\nac\u00e1. Encuentro magn\u00edfico que hagan este tipo de actividad, genial, s\u00faper bac\u00e1n.\nAc\u00e1 hay de todo, artesan\u00edas, feria de cervezas, miel, frutas t\u00edpicas de la\nzona, espectacular (\u2026) deber\u00eda repetirse muchas veces\u201d.<\/p>\n\n\n\n<p>Finalmente, el alcalde Cristian Tapia\nRamos, coment\u00f3 a la hora de inaugurar la ExpoVerano: \u201cPara m\u00ed, el concejo\nmunicipal y los funcionarios, es muy importante estar reunidos en este hermoso\nlugar que nos insta, nos llama, a vivir lo nuestro, la chilenidad. (\u2026) Tenemos\nm\u00e1s de 50 puestos instalados con expositores que nos ofrecer\u00e1n productos\nt\u00edpicos de la zona. Levantar esta feria no es f\u00e1cil, porque no es un tema que\nse prepara en un par de horas antes que llegue la autoridad, sino que se\nprepara con semanas de anticipaci\u00f3n, por eso aprovecho de felicitar y agradecer\na nuestros funcionarios municipales. Son tres d\u00edas en que este sector se va a\nllenar de folclor, de alegr\u00eda, de m\u00edstica, porque es lo que necesitamos los\nvallenarinos para aliviar las tensiones del d\u00eda a d\u00eda\u201d, concluy\u00f3.<\/p>\n","protected":false},"excerpt":{"rendered":"<p>Organizada por la Ilustre Municipalidad de Vallenar, a trav\u00e9s de la Oficina de Fomento Productivo Fueron m\u00e1s de 50 puestos los que dieron vida a&hellip; <\/p>\n","protected":false},"author":2,"featured_media":21465,"comment_status":"open","ping_status":"closed","sticky":false,"template":"","format":"standard","meta":{"footnotes":""},"categories":[1,2],"tags":[],"class_list":["post-21464","post","type-post","status-publish","format-standard","has-post-thumbnail","hentry","category-provincia-del-huasco-2","category-vallenar"],"_links":{"self":[{"href":"https:\/\/www.radioamigavallenar.cl\/index.php?rest_route=\/wp\/v2\/posts\/21464","targetHints":{"allow":["GET"]}}],"collection":[{"href":"https:\/\/www.radioamigavallenar.cl\/index.php?rest_route=\/wp\/v2\/posts"}],"about":[{"href":"https:\/\/www.radioamigavallenar.cl\/index.php?rest_route=\/wp\/v2\/types\/post"}],"author":[{"embeddable":true,"href":"https:\/\/www.radioamigavallenar.cl\/index.php?rest_route=\/wp\/v2\/users\/2"}],"replies":[{"embeddable":true,"href":"https:\/\/www.radioamigavallenar.cl\/index.php?rest_route=%2Fwp%2Fv2%2Fcomments&post=21464"}],"version-history":[{"count":0,"href":"https:\/\/www.radioamigavallenar.cl\/index.php?rest_route=\/wp\/v2\/posts\/21464\/revisions"}],"wp:featuredmedia":[{"embeddable":true,"href":"https:\/\/www.radioamigavallenar.cl\/index.php?rest_route=\/wp\/v2\/media\/21465"}],"wp:attachment":[{"href":"https:\/\/www.radioamigavallenar.cl\/index.php?rest_route=%2Fwp%2Fv2%2Fmedia&parent=21464"}],"wp:term":[{"taxonomy":"category","embeddable":true,"href":"https:\/\/www.radioamigavallenar.cl\/index.php?rest_route=%2Fwp%2Fv2%2Fcategories&post=21464"},{"taxonomy":"post_tag","embeddable":true,"href":"https:\/\/www.radioamigavallenar.cl\/index.php?rest_route=%2Fwp%2Fv2%2Ftags&post=21464"}],"curies":[{"name":"wp","href":"https:\/\/api.w.org\/{rel}","templated":true}]}}