{"id":21458,"date":"2020-03-03T10:48:13","date_gmt":"2020-03-03T13:48:13","guid":{"rendered":"https:\/\/www.radioamigavallenar.cl\/?p=21458"},"modified":"2020-03-03T10:48:14","modified_gmt":"2020-03-03T13:48:14","slug":"directora-de-sename-recibe-a-nuevo-director-de-sml","status":"publish","type":"post","link":"https:\/\/www.radioamigavallenar.cl\/?p=21458","title":{"rendered":"Directora de Sename recibe a nuevo director de SML"},"content":{"rendered":"\n<figure class=\"wp-block-image size-large\"><img loading=\"lazy\" decoding=\"async\" width=\"640\" height=\"480\" src=\"https:\/\/www.radioamigavallenar.cl\/wp-content\/uploads\/2020\/03\/SML1.jpg\" alt=\"\" class=\"wp-image-21459\" srcset=\"https:\/\/www.radioamigavallenar.cl\/wp-content\/uploads\/2020\/03\/SML1.jpg 640w, https:\/\/www.radioamigavallenar.cl\/wp-content\/uploads\/2020\/03\/SML1-300x225.jpg 300w\" sizes=\"auto, (max-width: 640px) 100vw, 640px\" \/><\/figure>\n\n\n\n<p>Ambas autoridades trataron temas que los servicios deben trabajar en conjunto para beneficiar a ni\u00f1as, ni\u00f1os y adolescentes de Atacama.<\/p>\n\n\n\n<p>Una visita protocolar del nuevo director regional del Servicio M\u00e9dico Legal (SML), Juan Parada, a la directora regional de Sename, Carolina Cort\u00e9s, se convirti\u00f3 espont\u00e1neamente en una instancia de trabajo al detectar los aspectos en com\u00fan en los cuales, las instituciones que dirigen, deben complementarse para lograr resultados efectivos en pro de la ni\u00f1ez atacame\u00f1a.<\/p>\n\n\n\n<p>El cirujano dentista, proveniente de la regi\u00f3n metropolitana, se desempe\u00f1\u00f3 como director de la Cl\u00ednica Alta Cumbres y del Centro de Salud Familiar de la comuna de Macul, labores en las que se hizo experto en dirigir y administrar entidades del \u00e1rea p\u00fablica y privada.<\/p>\n\n\n\n<p>Juan Parada, se mostr\u00f3 motivado por el cambio de trabajo y ciudad y estrech\u00f3 lazos laborales e institucionales para gestionar las colaboraciones necesarias en beneficio de ni\u00f1as, ni\u00f1os y adolescentes de la regi\u00f3n, especialmente de aquellos que est\u00e1n bajo el cuidado del Estado.<\/p>\n\n\n\n<p>Por su parte la directora de Sename agradeci\u00f3 la voluntad y disponibilidad de la autoridad regional del SML para resolver eventuales inconvenientes en los que corresponda intervenci\u00f3n de dicho organismo p\u00fablico.<\/p>\n","protected":false},"excerpt":{"rendered":"<p>Ambas autoridades trataron temas que los servicios deben trabajar en conjunto para beneficiar a ni\u00f1as, ni\u00f1os y adolescentes de Atacama. Una visita protocolar del nuevo&hellip; <\/p>\n","protected":false},"author":2,"featured_media":21459,"comment_status":"open","ping_status":"closed","sticky":false,"template":"","format":"standard","meta":{"footnotes":""},"categories":[7,37],"tags":[],"class_list":["post-21458","post","type-post","status-publish","format-standard","has-post-thumbnail","hentry","category-atacama","category-nacional"],"_links":{"self":[{"href":"https:\/\/www.radioamigavallenar.cl\/index.php?rest_route=\/wp\/v2\/posts\/21458","targetHints":{"allow":["GET"]}}],"collection":[{"href":"https:\/\/www.radioamigavallenar.cl\/index.php?rest_route=\/wp\/v2\/posts"}],"about":[{"href":"https:\/\/www.radioamigavallenar.cl\/index.php?rest_route=\/wp\/v2\/types\/post"}],"author":[{"embeddable":true,"href":"https:\/\/www.radioamigavallenar.cl\/index.php?rest_route=\/wp\/v2\/users\/2"}],"replies":[{"embeddable":true,"href":"https:\/\/www.radioamigavallenar.cl\/index.php?rest_route=%2Fwp%2Fv2%2Fcomments&post=21458"}],"version-history":[{"count":0,"href":"https:\/\/www.radioamigavallenar.cl\/index.php?rest_route=\/wp\/v2\/posts\/21458\/revisions"}],"wp:featuredmedia":[{"embeddable":true,"href":"https:\/\/www.radioamigavallenar.cl\/index.php?rest_route=\/wp\/v2\/media\/21459"}],"wp:attachment":[{"href":"https:\/\/www.radioamigavallenar.cl\/index.php?rest_route=%2Fwp%2Fv2%2Fmedia&parent=21458"}],"wp:term":[{"taxonomy":"category","embeddable":true,"href":"https:\/\/www.radioamigavallenar.cl\/index.php?rest_route=%2Fwp%2Fv2%2Fcategories&post=21458"},{"taxonomy":"post_tag","embeddable":true,"href":"https:\/\/www.radioamigavallenar.cl\/index.php?rest_route=%2Fwp%2Fv2%2Ftags&post=21458"}],"curies":[{"name":"wp","href":"https:\/\/api.w.org\/{rel}","templated":true}]}}