{"id":21447,"date":"2020-03-03T00:00:00","date_gmt":"2020-03-03T03:00:00","guid":{"rendered":"https:\/\/www.radioamigavallenar.cl\/?p=21447"},"modified":"2020-03-02T22:28:27","modified_gmt":"2020-03-03T01:28:27","slug":"ine-esta-contratando-gente-en-todo-chile-para-el-censo-agropecuario-2020-rentas-parten-en-1-millon","status":"publish","type":"post","link":"https:\/\/www.radioamigavallenar.cl\/?p=21447","title":{"rendered":"INE est\u00e1 contratando gente en todo Chile para el Censo Agropecuario 2020: rentas parten en $1 mill\u00f3n"},"content":{"rendered":"\n<div class=\"wp-block-image\"><figure class=\"aligncenter size-large\"><img loading=\"lazy\" decoding=\"async\" width=\"750\" height=\"400\" src=\"https:\/\/www.radioamigavallenar.cl\/wp-content\/uploads\/2020\/03\/postulacion-cargos-trabajo-ine-censo-agropecuario-750x400-1.png\" alt=\"\" class=\"wp-image-21448\" srcset=\"https:\/\/www.radioamigavallenar.cl\/wp-content\/uploads\/2020\/03\/postulacion-cargos-trabajo-ine-censo-agropecuario-750x400-1.png 750w, https:\/\/www.radioamigavallenar.cl\/wp-content\/uploads\/2020\/03\/postulacion-cargos-trabajo-ine-censo-agropecuario-750x400-1-300x160.png 300w\" sizes=\"auto, (max-width: 750px) 100vw, 750px\" \/><\/figure><\/div>\n\n\n\n<p><strong>El Instituto Nacional de Estad\u00edsticas, INE, llevar\u00e1 a cabo este a\u00f1o el VIII Censo Agropecuario y Forestal. Esta medici\u00f3n es la fuente m\u00e1s importante de informaci\u00f3n estad\u00edstica en el rubro en el pa\u00eds.<\/strong><\/p>\n\n\n\n<p>Por lo mismo, es la base que usan los gobiernos, autoridades, organizaciones y el sector privado para orientar sus recursos de manera m\u00e1s efectiva, y as\u00ed contribuir al desarrollo del sector agr\u00edcola, su gente y todos los chilenos.<\/p>\n\n\n\n<p>Espec\u00edficamente, proporciona\u00a0datos indispensables para la investigaci\u00f3n agropecuaria en profundidad, que puede respaldar la planificaci\u00f3n y la formulaci\u00f3n de mejores pol\u00edticas p\u00fablicas, y en el sector privado permite que los productores cuenten con la informaci\u00f3n adecuada para tomar mejores decisiones.<\/p>\n\n\n\n<p>La iniciativa\u00a0comenzar\u00e1 a levantar sus encuestas a contar de abril\u00a0de este a\u00f1o en las regiones del extremo sur, y desde mayo en el resto del pa\u00eds, hasta agosto.<\/p>\n\n\n\n<p>Ser\u00e1n censados<strong>\u00a0<\/strong>todos los productores y productoras que hayan desarrollado actividades agr\u00edcolas, pecuarias y\/o forestales durante el a\u00f1o agr\u00edcola 2019-2020, independiente del tipo de tenencia de la tierra, as\u00ed como en aquellos terrenos con potencial uso silvoagropecuario que se hayan encontrado sin actividad durante el a\u00f1o agr\u00edcola.<\/p>\n\n\n\n<p>El informante id\u00f3neo para responder es toda persona que pueda tomar decisiones dentro de la Unidad Productiva Agropecuaria (UPA) y\/o establecimiento agropecuario. Es importante que el informante pueda entregar informaci\u00f3n relevante de los factores de productividad presentes, as\u00ed como tambi\u00e9n de los manejos de producci\u00f3n, empleo y sustentabilidad, entre otros.<\/p>\n\n\n\n<figure class=\"wp-block-image\"><img decoding=\"async\" src=\"https:\/\/media.biobiochile.cl\/wp-content\/uploads\/2020\/03\/postulacion-cargos-trabajo-ine-censo-agropecuario-2-1280x720.png\" alt=\"INE\" class=\"wp-image-4473177\"\/><\/figure>\n\n\n\n<p>Todos los datos recopilados son tratados con absoluta confidencialidad.<\/p>\n\n\n\n<p>Quien est\u00e1 a cargo de la medici\u00f3n es la ingeniera agr\u00f3noma y mag\u00edster en Econom\u00eda de la Universidad Cat\u00f3lica de Chile, Ana Mar\u00eda Verdaguer.<\/p>\n\n\n\n<h2 class=\"has-text-align-center wp-block-heading\">Postulaci\u00f3n a cargos<\/h2>\n\n\n\n<p>Para llevar a cabo el Censo, el INE necesita funcionarios que se dediquen s\u00f3lo a esto, as\u00ed que se encuentra buscando a m\u00faltiples personas que ocupen cargos.<\/p>\n\n\n\n<p>Hay dos tipos de puestos a los cuales puedes postular: recolectores (encuestadores) y supervisores.<\/p>\n\n\n\n<p><strong>Para ser recolector o recolectora&nbsp;<\/strong>se debe tener licencia de Ense\u00f1anza Media T\u00e9cnica, t\u00edtulo de T\u00e9cnico de Nivel Superior o ser egresado de de carreras profesionales o t\u00e9cnicas nivel superior, en las \u00e1reas de: Silvoagropecuaria (agronom\u00eda, forestal, Agronegocios, veterinaria o similares) y territorial (geograf\u00eda, cartograf\u00eda o similares).<\/p>\n\n\n\n<p>La\u00a0renta bruta es de $1.000.000, trabajando a honorarios a tiempo completo por un per\u00edodo de 3 meses desde marzo, y el plazo para postular vence a las 17:00 horas del 06 de marzo. Hay vacantes abiertas en varias regiones del pa\u00eds.<\/p>\n\n\n\n<p>Por su parte, quienes quieran aspirar a supervisores\u00a0deben tener un t\u00edtulo T\u00e9cnico Nivel Superior o Profesional de las carreras asociadas a las \u00e1reas Silvoagropecuarias (agronom\u00eda, forestal, Agronegocios, agroindustrial, veterinaria o similares).<\/p>\n\n\n\n<p>La\u00a0renta bruta es de $1.200.000, trabajando a honorarios a tiempo completo por un per\u00edodo de 3 meses desde marzo, y el plazo para postular tambi\u00e9n vence a las 17:00 horas del 06 de marzo. Hay vacantes abiertas en varias regiones del pa\u00eds.<\/p>\n","protected":false},"excerpt":{"rendered":"<p>El Instituto Nacional de Estad\u00edsticas, INE, llevar\u00e1 a cabo este a\u00f1o el VIII Censo Agropecuario y Forestal. Esta medici\u00f3n es la fuente m\u00e1s importante de&hellip; <\/p>\n","protected":false},"author":2,"featured_media":21448,"comment_status":"open","ping_status":"closed","sticky":false,"template":"","format":"standard","meta":{"footnotes":""},"categories":[7,37],"tags":[],"class_list":["post-21447","post","type-post","status-publish","format-standard","has-post-thumbnail","hentry","category-atacama","category-nacional"],"_links":{"self":[{"href":"https:\/\/www.radioamigavallenar.cl\/index.php?rest_route=\/wp\/v2\/posts\/21447","targetHints":{"allow":["GET"]}}],"collection":[{"href":"https:\/\/www.radioamigavallenar.cl\/index.php?rest_route=\/wp\/v2\/posts"}],"about":[{"href":"https:\/\/www.radioamigavallenar.cl\/index.php?rest_route=\/wp\/v2\/types\/post"}],"author":[{"embeddable":true,"href":"https:\/\/www.radioamigavallenar.cl\/index.php?rest_route=\/wp\/v2\/users\/2"}],"replies":[{"embeddable":true,"href":"https:\/\/www.radioamigavallenar.cl\/index.php?rest_route=%2Fwp%2Fv2%2Fcomments&post=21447"}],"version-history":[{"count":0,"href":"https:\/\/www.radioamigavallenar.cl\/index.php?rest_route=\/wp\/v2\/posts\/21447\/revisions"}],"wp:featuredmedia":[{"embeddable":true,"href":"https:\/\/www.radioamigavallenar.cl\/index.php?rest_route=\/wp\/v2\/media\/21448"}],"wp:attachment":[{"href":"https:\/\/www.radioamigavallenar.cl\/index.php?rest_route=%2Fwp%2Fv2%2Fmedia&parent=21447"}],"wp:term":[{"taxonomy":"category","embeddable":true,"href":"https:\/\/www.radioamigavallenar.cl\/index.php?rest_route=%2Fwp%2Fv2%2Fcategories&post=21447"},{"taxonomy":"post_tag","embeddable":true,"href":"https:\/\/www.radioamigavallenar.cl\/index.php?rest_route=%2Fwp%2Fv2%2Ftags&post=21447"}],"curies":[{"name":"wp","href":"https:\/\/api.w.org\/{rel}","templated":true}]}}