{"id":21430,"date":"2020-03-03T00:00:00","date_gmt":"2020-03-03T03:00:00","guid":{"rendered":"https:\/\/www.radioamigavallenar.cl\/?p=21430"},"modified":"2020-03-02T22:09:25","modified_gmt":"2020-03-03T01:09:25","slug":"en-vallenar-carabineros-detuvo-a-cuatro-personas-por-infraccion-articulo-4-ley-de-drogas","status":"publish","type":"post","link":"https:\/\/www.radioamigavallenar.cl\/?p=21430","title":{"rendered":"En Vallenar carabineros detuvo a cuatro personas por infracci\u00f3n art\u00edculo 4\u00b0 ley de drogas"},"content":{"rendered":"\n<div class=\"wp-block-image\"><figure class=\"aligncenter size-large\"><img loading=\"lazy\" decoding=\"async\" width=\"1024\" height=\"762\" src=\"https:\/\/www.radioamigavallenar.cl\/wp-content\/uploads\/2020\/03\/PHOTO-2020-03-02-12-11-44-2-1024x762.jpg\" alt=\"\" class=\"wp-image-21431\" srcset=\"https:\/\/www.radioamigavallenar.cl\/wp-content\/uploads\/2020\/03\/PHOTO-2020-03-02-12-11-44-2-1024x762.jpg 1024w, https:\/\/www.radioamigavallenar.cl\/wp-content\/uploads\/2020\/03\/PHOTO-2020-03-02-12-11-44-2-300x223.jpg 300w, https:\/\/www.radioamigavallenar.cl\/wp-content\/uploads\/2020\/03\/PHOTO-2020-03-02-12-11-44-2-768x572.jpg 768w, https:\/\/www.radioamigavallenar.cl\/wp-content\/uploads\/2020\/03\/PHOTO-2020-03-02-12-11-44-2.jpg 1280w\" sizes=\"auto, (max-width: 1024px) 100vw, 1024px\" \/><\/figure><\/div>\n\n\n\n<p><strong>Fue producto de 5 allanamientos, entre ellos una peluquer\u00eda ubicada en el pasaje Nicol\u00e1s Naranjo.<\/strong><\/p>\n\n\n\n<p>Conforme a un proceso investigativo desarrollado en coordinaci\u00f3n con la Fiscal\u00eda Local de Vallenar, Carabineros del OS7 Atacama, detuvo a cuatro personas dedicadas al tr\u00e1fico de drogas en peque\u00f1as cantidades.<\/p>\n\n\n\n<p>El hecho registrado durante el fin de semana, fue producto de una serie de diligencias que terminaron con el allanamiento a cuatro domicilios y una peluquer\u00eda, todos ellos ubicados en diversos lugares de la comuna. As\u00ed lo destac\u00f3 el capit\u00e1n jefe de la unidad Eugenio Olea Garc\u00eda.<\/p>\n\n\n\n<p>Tras la investigaci\u00f3n, se dio cumplimiento a la Orden de Entrada y Registro emanada por el Tribunal de Garant\u00eda de Vallenar, ingresando al inmueble ubicado en callej\u00f3n Orlando Mart\u00ednez, donde se detuvo al principal investigado, quien se acogi\u00f3 al art\u00edculo 22 de la ley 20.000.<\/p>\n\n\n\n<p>Posteriormente, se detuvo a otros tres implicados en el delito de microtr\u00e1fico, procediendo tambi\u00e9n a allanar los inmuebles ubicados en Pasaje Escolinata Carlos Marambio, calle Claudio Gay, calle Antofagasta y de una Peluquer\u00eda ubicada en Pasaje Nicol\u00e1s Naranjo, todos de la comuna de Vallenar.<\/p>\n\n\n\n<p>Durante los allanamientos se incaut\u00f3 la cantidad de 569 gramos 700 miligramos de Marihuana; una Planta de Cannabis Sativa de 1,40 cent\u00edmetros de altura;&nbsp; una Pistola a Fogueo y la suma de 91 mil pesos en dinero en efectivo, adem\u00e1s de evidencia asociada al il\u00edcito.<\/p>\n\n\n\n<p>Todos los imputados pasaron a control de detenci\u00f3n.<\/p>\n","protected":false},"excerpt":{"rendered":"<p>Fue producto de 5 allanamientos, entre ellos una peluquer\u00eda ubicada en el pasaje Nicol\u00e1s Naranjo. Conforme a un proceso investigativo desarrollado en coordinaci\u00f3n con la&hellip; <\/p>\n","protected":false},"author":2,"featured_media":21431,"comment_status":"open","ping_status":"closed","sticky":false,"template":"","format":"standard","meta":{"footnotes":""},"categories":[6,1,2],"tags":[],"class_list":["post-21430","post","type-post","status-publish","format-standard","has-post-thumbnail","hentry","category-policial","category-provincia-del-huasco-2","category-vallenar"],"_links":{"self":[{"href":"https:\/\/www.radioamigavallenar.cl\/index.php?rest_route=\/wp\/v2\/posts\/21430","targetHints":{"allow":["GET"]}}],"collection":[{"href":"https:\/\/www.radioamigavallenar.cl\/index.php?rest_route=\/wp\/v2\/posts"}],"about":[{"href":"https:\/\/www.radioamigavallenar.cl\/index.php?rest_route=\/wp\/v2\/types\/post"}],"author":[{"embeddable":true,"href":"https:\/\/www.radioamigavallenar.cl\/index.php?rest_route=\/wp\/v2\/users\/2"}],"replies":[{"embeddable":true,"href":"https:\/\/www.radioamigavallenar.cl\/index.php?rest_route=%2Fwp%2Fv2%2Fcomments&post=21430"}],"version-history":[{"count":0,"href":"https:\/\/www.radioamigavallenar.cl\/index.php?rest_route=\/wp\/v2\/posts\/21430\/revisions"}],"wp:featuredmedia":[{"embeddable":true,"href":"https:\/\/www.radioamigavallenar.cl\/index.php?rest_route=\/wp\/v2\/media\/21431"}],"wp:attachment":[{"href":"https:\/\/www.radioamigavallenar.cl\/index.php?rest_route=%2Fwp%2Fv2%2Fmedia&parent=21430"}],"wp:term":[{"taxonomy":"category","embeddable":true,"href":"https:\/\/www.radioamigavallenar.cl\/index.php?rest_route=%2Fwp%2Fv2%2Fcategories&post=21430"},{"taxonomy":"post_tag","embeddable":true,"href":"https:\/\/www.radioamigavallenar.cl\/index.php?rest_route=%2Fwp%2Fv2%2Ftags&post=21430"}],"curies":[{"name":"wp","href":"https:\/\/api.w.org\/{rel}","templated":true}]}}