{"id":21427,"date":"2020-03-02T11:57:11","date_gmt":"2020-03-02T14:57:11","guid":{"rendered":"https:\/\/www.radioamigavallenar.cl\/?p=21427"},"modified":"2020-03-02T11:57:12","modified_gmt":"2020-03-02T14:57:12","slug":"organizaciones-feministas-en-atacama-se-preparan-para-un-marzo-recargado-de-actividades","status":"publish","type":"post","link":"https:\/\/www.radioamigavallenar.cl\/?p=21427","title":{"rendered":"Organizaciones feministas en Atacama se preparan para un marzo recargado de actividades"},"content":{"rendered":"\n<div class=\"wp-block-image\"><figure class=\"aligncenter size-large\"><img loading=\"lazy\" decoding=\"async\" width=\"674\" height=\"391\" src=\"https:\/\/www.radioamigavallenar.cl\/wp-content\/uploads\/2020\/03\/feminista.png\" alt=\"\" class=\"wp-image-21428\" srcset=\"https:\/\/www.radioamigavallenar.cl\/wp-content\/uploads\/2020\/03\/feminista.png 674w, https:\/\/www.radioamigavallenar.cl\/wp-content\/uploads\/2020\/03\/feminista-300x174.png 300w\" sizes=\"auto, (max-width: 674px) 100vw, 674px\" \/><\/figure><\/div>\n\n\n\n<p><strong>La Asamblea de Mujeres y Disidencia de Copiap\u00f3 coordin\u00f3 una serie de actividades para ser ejecutadas la pr\u00f3xima semana durante todo el territorio comunal con el objetivo de conmemorar y reivindicar la figura femenina atacame\u00f1a.<\/strong><\/p>\n\n\n\n<p>El D\u00eda Internacional de la Mujer se conmemora durante todo marzo en la capital regional de Atacama. Por lo menos as\u00ed lo han establecido las colectivas integrantes de la reci\u00e9n creada Asamblea de Mujeres y Disidencia de Copiap\u00f3 que han trabajado en la coordinaci\u00f3n de actividades durante un mes aproximadamente, con el fin de lograr que el 8M se consolide como una fecha de reivindicaci\u00f3n y lucha y no como un d\u00eda de celebraci\u00f3n como la sociedad capitalista se ha empe\u00f1ado en resaltar.<\/p>\n\n\n\n<p>\u201cFrente al acontecer actual, donde las mujeres y disidencias vivimos en una constante violencia e inseguridad en raz\u00f3n de ser, nos hemos visto en la necesidad de organizarnos para derrocar la alianza criminal que han hecho el capital y el patriarcado\u201d, afirma Valentina Cepeda, integrante de la Asamblea y de la colectiva Gritona Feminista.<\/p>\n\n\n\n<p>De acuerdo al programa trabajado por la Asamblea, todo comenzar\u00e1 el domingo 1 de marzo, desde las 10:30 horas con una agitaci\u00f3n en la feria de avenida Lastarria. Las mujeres planean hacer intervenciones art\u00edsticas, difundir el programa detallado de las acciones que realizar\u00e1n las organizaciones durante los siguientes d\u00edas, adem\u00e1s de informaci\u00f3n respecto a las diversas formas de ser parte de la Huelga Feminista 8M, violencia hacia la mujer y autocuidado en las movilizaciones. Asimismo, a las 17:30 horas, en el Parque El Pretil, facilitar\u00e1n el conversatorio dirigido a mujeres y disidencias sexuales denominado \u201cContra la Discriminaci\u00f3n, actuancia feminista\u201d, basado en el contexto de la conmemoraci\u00f3n del D\u00eda de la Cero Discriminaci\u00f3n por la ONUSIDA.<\/p>\n\n\n\n<p>El s\u00faper lunes 2 de marzo, el activismo social contin\u00faa con el Lienzazo Feminista \u201cLa Huelga Feminista Va\u201d, instancia en la que comienzan a calentarse los motores al anunciar gr\u00e1ficamente que las mujeres parar\u00e1n sus funciones el 8 y el 9 de marzo. La Asamblea invita a todas las mujeres a que se sumen colgando sus propios lienzos, carteles o delantales en sus puestos de trabajo o fuera de sus hogares, con la finalidad de llamar la atenci\u00f3n y visibilizar la cercan\u00eda de la paralizaci\u00f3n masiva.<\/p>\n\n\n\n<p>La Asamblea re\u00fane a personas que tienen un diagn\u00f3stico com\u00fan sobre las problem\u00e1ticas de g\u00e9nero, y en este sentido, Valentina Cepeda dice: \u201cLa misma alianza criminal patriarcado-capital ha sido la base del accionar del Estado, Gobierno y la institucionalidad\u201d. En consecuencia, , el martes 3, desde las 16:00 y bajo el lema \u201cEl Estado no me cuida, me cuidan mis amigas\u201d se llevar\u00e1n a cabo intervenciones art\u00edsticas en el frontis de la intendencia de Atacama. Cabe recordar que en esta misma jornada la Ministra de la Mujer y Equidad de G\u00e9nero, Isabel Pl\u00e1, ser\u00e1 interpelada por diputadas y diputados, quienes le consultar\u00e1n sobre el ejercicio de su cargo durante el estallido social, circunstancia que marcar\u00e1 un ambiente de presi\u00f3n pol\u00edtica.<\/p>\n\n\n\n<p>La desvinculaci\u00f3n de las mujeres de la religi\u00f3n es un acto simb\u00f3lico que tambi\u00e9n busca resaltar la Asamblea con la Apostas\u00eda Colectiva \u201cMujeres contra la Iglesia\u201d, el d\u00eda mi\u00e9rcoles 4, desde las 18:00 horas en la Plaza de la Resistencia (ex de Armas). La Asamblea invita a todas las personas que deseen renunciar a la Iglesia Cat\u00f3lica a que se sumen esta iniciativa con su certificado de bautismo en mano. En caso de extrav\u00edo deben solicitarlo a la brevedad en la oficina de archivos del Obispado de Copiap\u00f3 informando fecha (aproximada) y lugar de la parroquia donde se celebr\u00f3 dicho sacramento.<\/p>\n\n\n\n<p>El jueves 5, desde las 11:00 horas, la misma Plaza de la Resistencia, ser\u00e1 escenario de la \u201cBesat\u00f3n Disidente\u201d con la intensi\u00f3n de recordar al joven transg\u00e9nero Jos\u00e9 Mat\u00edas, otras personas j\u00f3venes trans que han sufrido discriminaci\u00f3n en contextos escolares, y reivindicar los derechos de ni\u00f1as y ni\u00f1os del Sename. Por ello esta fecha ha sido denominada \u201cD\u00eda por la Educaci\u00f3n Feminista y Disidente\u201d.<\/p>\n\n\n\n<p>Reivindicando el derecho a desplazarse con tranquilidad y sin miedo, la marcha con antorchas \u201cEl derecho de caminar libres y seguras\u201d se iniciar\u00e1 en el Parque Gloria Stockle (ex Schneider) a las 19:00 horas del viernes 6 de marzo. El objetivo de esta actividad es reclamar las calles y la noche como de las mujeres para que dejen de sentirse vulnerables. Se sugiere a las asistentes llevar su antorcha para iluminar juntas la noche de hermandad.<\/p>\n\n\n\n<p>A fin de visibilizar la relaci\u00f3n entre la mujer y la tierra, y las formas de explotaci\u00f3n que ambas sufren, la Asamblea ha designado el s\u00e1bado 7 como el d\u00eda de \u201cMujeres contra el capital y el extractivismo\u201d, con actividades en distintos puntos de la capital regional.<\/p>\n\n\n\n<p>Es as\u00ed como se llega a los dos d\u00edas epicentro del marzo feminista.<\/p>\n\n\n\n<p>El d\u00eda que se conmemora internacionalmente a la mujer trabajadora, el 8 de marzo, la Asamblea invita a las mujeres y disidencias de la ciudad a reunirse y compartir en el Parque Gloria Stockle (ex Schneider) a partir de las 17.00, iniciando as\u00ed el bloque separatista y para una marcha de amplia convocatoria que saldr\u00e1 a las 19.00 dese la Plaza de Armas.<\/p>\n\n\n\n<p>Durante la huelga general feminista efectiva, que se realizar\u00e1 el lunes 9, la Asamblea ha generado puntos de encuentro en la ma\u00f1ana y en la tarde, reconociendo las distintas realidades de las mujeres. Considerando a quienes paren en la ma\u00f1ana, desde las 09.00 afuera de la Municipalidad de Copiap\u00f3 realizar\u00e1n material de propaganda y luego se dirigir\u00e1n a la Plaza de Armas, para marchar desde las 11.00. Y a partir de las 17.00, compartir\u00e1n una once rebelde en un c\u00edrculo de mujeres. El mismo grupo dar\u00e1 inicio al bloque separatista de la marcha final de la huelga general feminista 2020.<\/p>\n\n\n\n<p>\u201cHoy queremos sumar nuestras fuerzas y ser contestatarias a la realidad regional, donde las mujeres que componemos esta Asamblea nos levantamos contra todo lo que nos violenta\u201d, concluye Valentina Cepeda<\/p>\n","protected":false},"excerpt":{"rendered":"<p>La Asamblea de Mujeres y Disidencia de Copiap\u00f3 coordin\u00f3 una serie de actividades para ser ejecutadas la pr\u00f3xima semana durante todo el territorio comunal con&hellip; <\/p>\n","protected":false},"author":2,"featured_media":21428,"comment_status":"open","ping_status":"closed","sticky":false,"template":"","format":"standard","meta":{"footnotes":""},"categories":[7,37],"tags":[],"class_list":["post-21427","post","type-post","status-publish","format-standard","has-post-thumbnail","hentry","category-atacama","category-nacional"],"_links":{"self":[{"href":"https:\/\/www.radioamigavallenar.cl\/index.php?rest_route=\/wp\/v2\/posts\/21427","targetHints":{"allow":["GET"]}}],"collection":[{"href":"https:\/\/www.radioamigavallenar.cl\/index.php?rest_route=\/wp\/v2\/posts"}],"about":[{"href":"https:\/\/www.radioamigavallenar.cl\/index.php?rest_route=\/wp\/v2\/types\/post"}],"author":[{"embeddable":true,"href":"https:\/\/www.radioamigavallenar.cl\/index.php?rest_route=\/wp\/v2\/users\/2"}],"replies":[{"embeddable":true,"href":"https:\/\/www.radioamigavallenar.cl\/index.php?rest_route=%2Fwp%2Fv2%2Fcomments&post=21427"}],"version-history":[{"count":0,"href":"https:\/\/www.radioamigavallenar.cl\/index.php?rest_route=\/wp\/v2\/posts\/21427\/revisions"}],"wp:featuredmedia":[{"embeddable":true,"href":"https:\/\/www.radioamigavallenar.cl\/index.php?rest_route=\/wp\/v2\/media\/21428"}],"wp:attachment":[{"href":"https:\/\/www.radioamigavallenar.cl\/index.php?rest_route=%2Fwp%2Fv2%2Fmedia&parent=21427"}],"wp:term":[{"taxonomy":"category","embeddable":true,"href":"https:\/\/www.radioamigavallenar.cl\/index.php?rest_route=%2Fwp%2Fv2%2Fcategories&post=21427"},{"taxonomy":"post_tag","embeddable":true,"href":"https:\/\/www.radioamigavallenar.cl\/index.php?rest_route=%2Fwp%2Fv2%2Ftags&post=21427"}],"curies":[{"name":"wp","href":"https:\/\/api.w.org\/{rel}","templated":true}]}}