{"id":21394,"date":"2020-02-29T10:17:42","date_gmt":"2020-02-29T13:17:42","guid":{"rendered":"https:\/\/www.radioamigavallenar.cl\/?p=21394"},"modified":"2020-02-29T10:17:44","modified_gmt":"2020-02-29T13:17:44","slug":"ciclistas-atacamenos-competiran-en-la-copa-de-espana","status":"publish","type":"post","link":"https:\/\/www.radioamigavallenar.cl\/?p=21394","title":{"rendered":"Ciclistas atacame\u00f1os competir\u00e1n en la copa de Espa\u00f1a"},"content":{"rendered":"\n<div class=\"wp-block-image\"><figure class=\"aligncenter size-large is-resized\"><img loading=\"lazy\" decoding=\"async\" src=\"https:\/\/www.radioamigavallenar.cl\/wp-content\/uploads\/2020\/02\/IMG-20200227-WA0012-1024x682.jpg\" alt=\"\" class=\"wp-image-21395\" width=\"550\" height=\"366\" srcset=\"https:\/\/www.radioamigavallenar.cl\/wp-content\/uploads\/2020\/02\/IMG-20200227-WA0012-1024x682.jpg 1024w, https:\/\/www.radioamigavallenar.cl\/wp-content\/uploads\/2020\/02\/IMG-20200227-WA0012-300x200.jpg 300w, https:\/\/www.radioamigavallenar.cl\/wp-content\/uploads\/2020\/02\/IMG-20200227-WA0012-768x512.jpg 768w, https:\/\/www.radioamigavallenar.cl\/wp-content\/uploads\/2020\/02\/IMG-20200227-WA0012.jpg 1280w\" sizes=\"auto, (max-width: 550px) 100vw, 550px\" \/><\/figure><\/div>\n\n\n\n<p>Sus mayores desaf\u00edos deportivos enfrentar\u00e1n este s\u00e1bado los ciclistas atacame\u00f1os que son parte del programa Promesas Chile del Ministerio del Deporte y que implementa el IND, los gemelos Kevin y Benjhamil Fern\u00e1ndez y Sebasti\u00e1n Retamal, quienes competir\u00e1n en la primera fecha de la Copa de Espa\u00f1a, a realizarse en la ciudad de Don Benito, Espa\u00f1a.<\/p>\n\n\n\n<p>Los deportistas de 18 a\u00f1os que defienden los colores del equipo Pemoy, est\u00e1n hace un mes y medio en Espa\u00f1a, donde han participado en diferentes torneos, siendo sus mejores resultados, la octava posici\u00f3n conseguida por Benjhamil y el d\u00e9cimo cuarto lugar de Sebasti\u00e1n Retamal, ambos en la categor\u00eda sub 23.<\/p>\n\n\n\n<p>El Seremi del Deporte Guillermo Procuriza, les dese\u00f3 el mejor de los \u00e9xitos a los deportistas que tambi\u00e9n cuentan con el apoyo econ\u00f3mico del Gobierno Regional al ser parte del Team Atacama: \u201cEn estos momentos, ellos est\u00e1n representando los sue\u00f1os y esperanzas de los j\u00f3venes de la regi\u00f3n que ven en ellos a unos l\u00edderes que est\u00e1n forjando su futuro a trav\u00e9s del deporte. Por esta raz\u00f3n, les deseamos el mayor de los \u00e9xitos en esta experiencia internacional que elevar\u00e1 su nivel competitivo y su formaci\u00f3n personal\u201d.<\/p>\n","protected":false},"excerpt":{"rendered":"<p>Sus mayores desaf\u00edos deportivos enfrentar\u00e1n este s\u00e1bado los ciclistas atacame\u00f1os que son parte del programa Promesas Chile del Ministerio del Deporte y que implementa el&hellip; <\/p>\n","protected":false},"author":2,"featured_media":21395,"comment_status":"open","ping_status":"closed","sticky":false,"template":"","format":"standard","meta":{"footnotes":""},"categories":[7,8],"tags":[],"class_list":["post-21394","post","type-post","status-publish","format-standard","has-post-thumbnail","hentry","category-atacama","category-deportes"],"_links":{"self":[{"href":"https:\/\/www.radioamigavallenar.cl\/index.php?rest_route=\/wp\/v2\/posts\/21394","targetHints":{"allow":["GET"]}}],"collection":[{"href":"https:\/\/www.radioamigavallenar.cl\/index.php?rest_route=\/wp\/v2\/posts"}],"about":[{"href":"https:\/\/www.radioamigavallenar.cl\/index.php?rest_route=\/wp\/v2\/types\/post"}],"author":[{"embeddable":true,"href":"https:\/\/www.radioamigavallenar.cl\/index.php?rest_route=\/wp\/v2\/users\/2"}],"replies":[{"embeddable":true,"href":"https:\/\/www.radioamigavallenar.cl\/index.php?rest_route=%2Fwp%2Fv2%2Fcomments&post=21394"}],"version-history":[{"count":0,"href":"https:\/\/www.radioamigavallenar.cl\/index.php?rest_route=\/wp\/v2\/posts\/21394\/revisions"}],"wp:featuredmedia":[{"embeddable":true,"href":"https:\/\/www.radioamigavallenar.cl\/index.php?rest_route=\/wp\/v2\/media\/21395"}],"wp:attachment":[{"href":"https:\/\/www.radioamigavallenar.cl\/index.php?rest_route=%2Fwp%2Fv2%2Fmedia&parent=21394"}],"wp:term":[{"taxonomy":"category","embeddable":true,"href":"https:\/\/www.radioamigavallenar.cl\/index.php?rest_route=%2Fwp%2Fv2%2Fcategories&post=21394"},{"taxonomy":"post_tag","embeddable":true,"href":"https:\/\/www.radioamigavallenar.cl\/index.php?rest_route=%2Fwp%2Fv2%2Ftags&post=21394"}],"curies":[{"name":"wp","href":"https:\/\/api.w.org\/{rel}","templated":true}]}}