{"id":21379,"date":"2020-02-29T01:37:06","date_gmt":"2020-02-29T04:37:06","guid":{"rendered":"https:\/\/www.radioamigavallenar.cl\/?p=21379"},"modified":"2020-02-29T01:38:48","modified_gmt":"2020-02-29T04:38:48","slug":"inauguran-letras-turisticas-en-vallenar","status":"publish","type":"post","link":"https:\/\/www.radioamigavallenar.cl\/?p=21379","title":{"rendered":"Inauguran Letras Tur\u00edsticas en Vallenar"},"content":{"rendered":"\n<div class=\"wp-block-image\"><figure class=\"aligncenter size-large\"><img loading=\"lazy\" decoding=\"async\" width=\"1024\" height=\"684\" src=\"https:\/\/www.radioamigavallenar.cl\/wp-content\/uploads\/2020\/02\/DSC_0974-1024x684.jpg\" alt=\"\" class=\"wp-image-21380\" srcset=\"https:\/\/www.radioamigavallenar.cl\/wp-content\/uploads\/2020\/02\/DSC_0974-1024x684.jpg 1024w, https:\/\/www.radioamigavallenar.cl\/wp-content\/uploads\/2020\/02\/DSC_0974-300x201.jpg 300w, https:\/\/www.radioamigavallenar.cl\/wp-content\/uploads\/2020\/02\/DSC_0974-768x513.jpg 768w, https:\/\/www.radioamigavallenar.cl\/wp-content\/uploads\/2020\/02\/DSC_0974-1536x1027.jpg 1536w, https:\/\/www.radioamigavallenar.cl\/wp-content\/uploads\/2020\/02\/DSC_0974-2048x1369.jpg 2048w\" sizes=\"auto, (max-width: 1024px) 100vw, 1024px\" \/><\/figure><\/div>\n\n\n\n<p>Obra apunta a fortalecer los sentimientos de identidad y pertenencia de los vallenarinos para con su tierra.<\/p>\n\n\n\n<p>\u201cHermoso\u201d, \u201cmaravilloso\u201d, \u201cespectacular\u201d, fueron algunos de los conceptos vertidos por los presentes este mediod\u00eda, luego que el alcalde Cristian Tapia Ramos junto al concejo municipal procedieran a descubrir la estructura que contiene el nombre \u201cVallenar\u201d en letras tur\u00edsticas gigantes, levantada en la intersecci\u00f3n de la avenida Costanera y A\u00f1a\u00f1ucas, frente al ingreso al complejo deportivo Algarrobo.<\/p>\n\n\n\n<p>La ceremonia de inauguraci\u00f3n cont\u00f3 con la presencia del alcalde Cristian Tapia Ramos, los concejales, Luis Valderrama Malt\u00e9s, Robinson Morales Valera, Patricio Neira Brizuela, V\u00edctor Isla Lutz y Norma Torrej\u00f3n Varela, quienes adem\u00e1s estuvieron acompa\u00f1ados por dirigentes sociales de la comuna.&nbsp;&nbsp;<\/p>\n\n\n\n<p>Jorge Free dirigente del sector rural de Vallenar, felicito al municipio por las letras e hizo un llamado a la comunidad a cuidarlas.<\/p>\n\n\n\n<p>\u201cBonito, sobre todo los dibujos que le hicieron que es lo m\u00e1s llamativo que representa a todo el valle, como estamos viendo ah\u00ed, bueno vemos la vendimia, el desierto florido, y muchos m\u00e1s, porque cada letra representa una parte de ac\u00e1 de la regi\u00f3n y agradecer al alcalde por todo esto que est\u00e1 haciendo, imag\u00ednate a\u00f1os atr\u00e1s, cuando yo llegue a Vallenar, no hab\u00eda nada, nada donde ir a turistear, donde venir a mirar algo,&nbsp;&nbsp;sin embargo con este alcalde ha cambiado mucho, ha cambiado todo y espero que sigan hermoseando, como te digo aqu\u00ed todav\u00eda falta un poquito de detalles y m\u00e1s lo que hay que hacer afuera en la entrada de Vallenar, que tambi\u00e9n es bueno para la gente que pasa, al turista que vean que lo que es Vallenar hoy en d\u00eda\u201d.<\/p>\n\n\n\n<p>Patricio Neira Brizuela, concejal de Vallenar y encargado de la comisi\u00f3n la cultura se mostr\u00f3 contento con la inauguraci\u00f3n de las letras.<\/p>\n\n\n\n<p>\u201cContento de participar en la inauguraci\u00f3n de las ya t\u00edpicas letras&nbsp;&nbsp;de las ciudades, que ponen el nombre de la ciudad a la vista de la gente, entonces contento que nuestro nombre de la ciudad de Vallenar tenga un lugar indicado donde el visitante , el vecino, pueda venir a tomarse una linda foto, en este hermoso entorno que se llama paseo ribere\u00f1o y que esta abierto para toda la comunidad y para el mundo que quiera visitarlo, as\u00ed que, contento un avance m\u00e1s en materia cultural y de turismo de nuestra comuna\u201d.&nbsp;&nbsp;&nbsp;&nbsp;<\/p>\n\n\n\n<p>En la ocasi\u00f3n, el alcalde Cristian Tapia Ramos, destac\u00f3 la iniciativa de plasmar un motivo hist\u00f3rico-tur\u00edstico sobre cada letra de dos metros de altura, como, por ejemplo, la escultura de la Vendimia, la torre de la iglesia San Ambrosio, el camar\u00f3n, las palmeras de la plaza y estampas diaguitas.<\/p>\n\n\n\n<p>Al mismo tiempo, el alcalde Tapia resalt\u00f3 los trabajos de recuperaci\u00f3n que se han hecho en ese sector de nuestra comuna que pas\u00f3 de ser un sitio eriazo a un verdadero parque con \u00e1reas verdes que, m\u00e1s adelante, ser\u00e1n complementadas con asientos y sombreaderos, sum\u00e1ndose a toda la hermosura tur\u00edstica y recreativa que significa el Paseo Ribere\u00f1o.<\/p>\n\n\n\n<p>\u201cUna vez que queden terminados los trabajos de la rotonda del cruce carretero, tambi\u00e9n vamos a ejecutar all\u00ed un proyecto similar, de modo que el nombre \u201cVallenar\u201d circule por todo el mundo, a trav\u00e9s de las redes sociales, ya que estoy seguro ser\u00e1 un punto obligado para la fotograf\u00eda personal\u201d, concluy\u00f3 la primera autoridad comunal.<\/p>\n","protected":false},"excerpt":{"rendered":"<p>Obra apunta a fortalecer los sentimientos de identidad y pertenencia de los vallenarinos para con su tierra. \u201cHermoso\u201d, \u201cmaravilloso\u201d, \u201cespectacular\u201d, fueron algunos de los conceptos&hellip; <\/p>\n","protected":false},"author":2,"featured_media":21380,"comment_status":"open","ping_status":"closed","sticky":false,"template":"","format":"standard","meta":{"footnotes":""},"categories":[7,1,2],"tags":[],"class_list":["post-21379","post","type-post","status-publish","format-standard","has-post-thumbnail","hentry","category-atacama","category-provincia-del-huasco-2","category-vallenar"],"_links":{"self":[{"href":"https:\/\/www.radioamigavallenar.cl\/index.php?rest_route=\/wp\/v2\/posts\/21379","targetHints":{"allow":["GET"]}}],"collection":[{"href":"https:\/\/www.radioamigavallenar.cl\/index.php?rest_route=\/wp\/v2\/posts"}],"about":[{"href":"https:\/\/www.radioamigavallenar.cl\/index.php?rest_route=\/wp\/v2\/types\/post"}],"author":[{"embeddable":true,"href":"https:\/\/www.radioamigavallenar.cl\/index.php?rest_route=\/wp\/v2\/users\/2"}],"replies":[{"embeddable":true,"href":"https:\/\/www.radioamigavallenar.cl\/index.php?rest_route=%2Fwp%2Fv2%2Fcomments&post=21379"}],"version-history":[{"count":0,"href":"https:\/\/www.radioamigavallenar.cl\/index.php?rest_route=\/wp\/v2\/posts\/21379\/revisions"}],"wp:featuredmedia":[{"embeddable":true,"href":"https:\/\/www.radioamigavallenar.cl\/index.php?rest_route=\/wp\/v2\/media\/21380"}],"wp:attachment":[{"href":"https:\/\/www.radioamigavallenar.cl\/index.php?rest_route=%2Fwp%2Fv2%2Fmedia&parent=21379"}],"wp:term":[{"taxonomy":"category","embeddable":true,"href":"https:\/\/www.radioamigavallenar.cl\/index.php?rest_route=%2Fwp%2Fv2%2Fcategories&post=21379"},{"taxonomy":"post_tag","embeddable":true,"href":"https:\/\/www.radioamigavallenar.cl\/index.php?rest_route=%2Fwp%2Fv2%2Ftags&post=21379"}],"curies":[{"name":"wp","href":"https:\/\/api.w.org\/{rel}","templated":true}]}}