{"id":21358,"date":"2020-02-28T01:13:07","date_gmt":"2020-02-28T04:13:07","guid":{"rendered":"https:\/\/www.radioamigavallenar.cl\/?p=21358"},"modified":"2020-02-28T01:13:08","modified_gmt":"2020-02-28T04:13:08","slug":"con-servicios-reforzados-carabineros-se-prepara-para-inicio-del-ano-escolar","status":"publish","type":"post","link":"https:\/\/www.radioamigavallenar.cl\/?p=21358","title":{"rendered":"Con servicios reforzados carabineros se prepara para inicio del a\u00f1o escolar"},"content":{"rendered":"\n<div class=\"wp-block-image\"><figure class=\"aligncenter size-large\"><img loading=\"lazy\" decoding=\"async\" width=\"800\" height=\"533\" src=\"https:\/\/www.radioamigavallenar.cl\/wp-content\/uploads\/2020\/02\/dsfdfsfdssdfsdfdfs.jpg\" alt=\"\" class=\"wp-image-21359\" srcset=\"https:\/\/www.radioamigavallenar.cl\/wp-content\/uploads\/2020\/02\/dsfdfsfdssdfsdfdfs.jpg 800w, https:\/\/www.radioamigavallenar.cl\/wp-content\/uploads\/2020\/02\/dsfdfsfdssdfsdfdfs-300x200.jpg 300w, https:\/\/www.radioamigavallenar.cl\/wp-content\/uploads\/2020\/02\/dsfdfsfdssdfsdfdfs-768x512.jpg 768w\" sizes=\"auto, (max-width: 800px) 100vw, 800px\" \/><\/figure><\/div>\n\n\n\n<p>Carabineros de la Segunda Comisar\u00eda Copiap\u00f3 dio a conocer la planificaci\u00f3n de servicios policiales preventivos, con el prop\u00f3sito de mantener el orden y la seguridad p\u00fablica, fortalecer las acciones de prevenci\u00f3n del delito y control del transporte p\u00fablico y privado, debido al aumento del flujo vehicular en las diferentes ciudades de la provincia y ante el t\u00e9rmino del per\u00edodo estival e inicio del a\u00f1o lectivo 2020.<\/p>\n\n\n\n<p>Al respecto el Comisario (S) capit\u00e1n Jorcy Rojas Mella indic\u00f3 que se dispondr\u00e1 del personal suficiente y necesario en aquellas calles y arterias m\u00e1s transitadas y que debido a la cercan\u00eda de establecimientos educacionales colapsan a horas \u201cpeak\u201d, as\u00ed como tambi\u00e9n en aquellas donde no existen sem\u00e1foros.&nbsp;<\/p>\n\n\n\n<p>\u00abNos hemos propuesto que al menos durante la primera quincena de marzo se vaya produciendo un reingreso normal a las actividades escolares y laborales de la ciudadan\u00eda y por lo tanto durante todo el mes vamos a estar con este despliegue reforzado en terreno hasta normalizar y continuar con nuestros servicios rutinarios que desarrollamos habitualmente todo el a\u00f1o\u00bb, sostuvo el capit\u00e1n Rojas.<\/p>\n\n\n\n<p>&nbsp;<br>Carabineros reconoci\u00f3 \u00abpuntos cr\u00edticos\u00bb en algunas comunas de Copiap\u00f3, debido a obras viales que se est\u00e1n ejecutando en calles aleda\u00f1as a los establecimientos educacionales, raz\u00f3n por la cual dijo que se dispondr\u00e1 de servicios especiales de tr\u00e1nsito, para evitar las congestiones vehiculares. &nbsp;<\/p>\n\n\n\n<p>Ante este escenario, el capit\u00e1n Rojas llam\u00f3 a los conductores mantener una conducta preventiva y de autocuidado para prevenir los accidentes, y al mismo tiempo recomend\u00f3 programar sus desplazamientos con tiempo, puesto que eso les permitir\u00e1 transitar de forma tranquila y segura.<\/p>\n","protected":false},"excerpt":{"rendered":"<p>Carabineros de la Segunda Comisar\u00eda Copiap\u00f3 dio a conocer la planificaci\u00f3n de servicios policiales preventivos, con el prop\u00f3sito de mantener el orden y la seguridad&hellip; <\/p>\n","protected":false},"author":2,"featured_media":21359,"comment_status":"open","ping_status":"closed","sticky":false,"template":"","format":"standard","meta":{"footnotes":""},"categories":[6],"tags":[],"class_list":["post-21358","post","type-post","status-publish","format-standard","has-post-thumbnail","hentry","category-policial"],"_links":{"self":[{"href":"https:\/\/www.radioamigavallenar.cl\/index.php?rest_route=\/wp\/v2\/posts\/21358","targetHints":{"allow":["GET"]}}],"collection":[{"href":"https:\/\/www.radioamigavallenar.cl\/index.php?rest_route=\/wp\/v2\/posts"}],"about":[{"href":"https:\/\/www.radioamigavallenar.cl\/index.php?rest_route=\/wp\/v2\/types\/post"}],"author":[{"embeddable":true,"href":"https:\/\/www.radioamigavallenar.cl\/index.php?rest_route=\/wp\/v2\/users\/2"}],"replies":[{"embeddable":true,"href":"https:\/\/www.radioamigavallenar.cl\/index.php?rest_route=%2Fwp%2Fv2%2Fcomments&post=21358"}],"version-history":[{"count":0,"href":"https:\/\/www.radioamigavallenar.cl\/index.php?rest_route=\/wp\/v2\/posts\/21358\/revisions"}],"wp:featuredmedia":[{"embeddable":true,"href":"https:\/\/www.radioamigavallenar.cl\/index.php?rest_route=\/wp\/v2\/media\/21359"}],"wp:attachment":[{"href":"https:\/\/www.radioamigavallenar.cl\/index.php?rest_route=%2Fwp%2Fv2%2Fmedia&parent=21358"}],"wp:term":[{"taxonomy":"category","embeddable":true,"href":"https:\/\/www.radioamigavallenar.cl\/index.php?rest_route=%2Fwp%2Fv2%2Fcategories&post=21358"},{"taxonomy":"post_tag","embeddable":true,"href":"https:\/\/www.radioamigavallenar.cl\/index.php?rest_route=%2Fwp%2Fv2%2Ftags&post=21358"}],"curies":[{"name":"wp","href":"https:\/\/api.w.org\/{rel}","templated":true}]}}