{"id":21355,"date":"2020-02-28T00:58:29","date_gmt":"2020-02-28T03:58:29","guid":{"rendered":"https:\/\/www.radioamigavallenar.cl\/?p=21355"},"modified":"2020-02-28T00:58:31","modified_gmt":"2020-02-28T03:58:31","slug":"autoridades-comprometen-apoyo-a-jardin-infantil-de-caleta-chanaral-de-aceituno","status":"publish","type":"post","link":"https:\/\/www.radioamigavallenar.cl\/?p=21355","title":{"rendered":"Autoridades comprometen apoyo a jard\u00edn infantil de caleta cha\u00f1aral de aceituno"},"content":{"rendered":"\n<figure class=\"wp-block-image size-large\"><img loading=\"lazy\" decoding=\"async\" width=\"1024\" height=\"683\" src=\"https:\/\/www.radioamigavallenar.cl\/wp-content\/uploads\/2020\/02\/Reunion-JUNJI-1-1024x683.jpg\" alt=\"\" class=\"wp-image-21356\" srcset=\"https:\/\/www.radioamigavallenar.cl\/wp-content\/uploads\/2020\/02\/Reunion-JUNJI-1-1024x683.jpg 1024w, https:\/\/www.radioamigavallenar.cl\/wp-content\/uploads\/2020\/02\/Reunion-JUNJI-1-300x200.jpg 300w, https:\/\/www.radioamigavallenar.cl\/wp-content\/uploads\/2020\/02\/Reunion-JUNJI-1-768x512.jpg 768w, https:\/\/www.radioamigavallenar.cl\/wp-content\/uploads\/2020\/02\/Reunion-JUNJI-1-1536x1024.jpg 1536w, https:\/\/www.radioamigavallenar.cl\/wp-content\/uploads\/2020\/02\/Reunion-JUNJI-1.jpg 2048w\" sizes=\"auto, (max-width: 1024px) 100vw, 1024px\" \/><\/figure>\n\n\n\n<p>Una positiva jornada de trabajo sostuvo el Alcalde Cesar Orellana con el centro de padres y apoderados del jard\u00edn infantil \u201cPinguinos de Humboldt\u201d de la Caleta Cha\u00f1aral de Aceituno y la direcci\u00f3n regional en Atacama de la Junji.<\/p>\n\n\n\n<p>La reuni\u00f3n permiti\u00f3 acercar puntos de vista, analizar algunos compromisos asumidos anteriormente para ver su estado de avance y comprometer otras acciones que permitan un mejor desempe\u00f1o de las educadoras parvularias que realizan su trabajo en ese sector.<\/p>\n\n\n\n<p>Tras el encuentro el Alcalde sostuvo que es su deber atender las necesidades no s\u00f3lo de los ni\u00f1os del Freirina urbano, sino que de todos los ni\u00f1os y ni\u00f1as de la comuna, y en especial de los sectores m\u00e1s apartados como la mencionada Caleta.<\/p>\n\n\n\n<p>\u201cEstamos muy contentos visitar el jard\u00edn, donde la Junji est\u00e1 haciendo todos los preparativos para iniciar el a\u00f1o escolar ac\u00e1 con los m\u00e1s peque\u00f1os. Agradecer esta alianza que tenemos con la Municipalidad y la Junji de manera colaborativa, hemos asumido el compromiso como Municipio y hemos venido a ver que esos compromisos se hayan cumplido, hoy nos vamos con otros, as\u00ed es que muy contento con esta alianza y todo es pensado en los ni\u00f1os y ni\u00f1as de la comuna\u201d.<\/p>\n\n\n\n<p>Por su parte, Jessica D\u00edaz, la presidente del Centro de Padres y Apoderados del jard\u00edn indic\u00f3 que \u201cEstamos muy contentos ya que desde que nos conformamos como Centro de Padres, la autoridad ha estado desde el primer momento, nos ha colaborado siempre.&nbsp; Nos apoyaron con la bomba hidropack que nos ha servido bastante, y otros compromisos como el mejoramiento de la techumbre, de la cocina, el Alcalde para nosotros ha sido un gran apoyo para la comunidad de la Caleta Cha\u00f1aral de Aceituno\u201d.<\/p>\n\n\n\n<p>Finalmente el Director de la Junji Luis Campusano dijo que \u201cme parece muy bien llegar a acuerdos con el Alcalde Cesar Orellana, pensar en el futuro de los ni\u00f1os, y especialmente proyectar jardines con terrenos que la Municipalidad nos va a ceder para poder levantar y ampliar jardines en beneficio de la comunidad y de los ni\u00f1os, as\u00ed es que estamos muy contentos con esta colaboraci\u00f3n\u201d, sostuvo.<\/p>\n\n\n\n<p>En la ocasi\u00f3n la Municipalidad hizo entrega de un documento que asegura la presencia del cami\u00f3n limpia-fosas, que visitar\u00e1 el establecimiento educativo una vez al mes, acci\u00f3n que sin duda agradecieron desde el jard\u00edn infantil.<\/p>\n\n\n\n<p><\/p>\n","protected":false},"excerpt":{"rendered":"<p>Una positiva jornada de trabajo sostuvo el Alcalde Cesar Orellana con el centro de padres y apoderados del jard\u00edn infantil \u201cPinguinos de Humboldt\u201d de la&hellip; <\/p>\n","protected":false},"author":2,"featured_media":21356,"comment_status":"open","ping_status":"closed","sticky":false,"template":"","format":"standard","meta":{"footnotes":""},"categories":[3,1],"tags":[],"class_list":["post-21355","post","type-post","status-publish","format-standard","has-post-thumbnail","hentry","category-freirina","category-provincia-del-huasco-2"],"_links":{"self":[{"href":"https:\/\/www.radioamigavallenar.cl\/index.php?rest_route=\/wp\/v2\/posts\/21355","targetHints":{"allow":["GET"]}}],"collection":[{"href":"https:\/\/www.radioamigavallenar.cl\/index.php?rest_route=\/wp\/v2\/posts"}],"about":[{"href":"https:\/\/www.radioamigavallenar.cl\/index.php?rest_route=\/wp\/v2\/types\/post"}],"author":[{"embeddable":true,"href":"https:\/\/www.radioamigavallenar.cl\/index.php?rest_route=\/wp\/v2\/users\/2"}],"replies":[{"embeddable":true,"href":"https:\/\/www.radioamigavallenar.cl\/index.php?rest_route=%2Fwp%2Fv2%2Fcomments&post=21355"}],"version-history":[{"count":0,"href":"https:\/\/www.radioamigavallenar.cl\/index.php?rest_route=\/wp\/v2\/posts\/21355\/revisions"}],"wp:featuredmedia":[{"embeddable":true,"href":"https:\/\/www.radioamigavallenar.cl\/index.php?rest_route=\/wp\/v2\/media\/21356"}],"wp:attachment":[{"href":"https:\/\/www.radioamigavallenar.cl\/index.php?rest_route=%2Fwp%2Fv2%2Fmedia&parent=21355"}],"wp:term":[{"taxonomy":"category","embeddable":true,"href":"https:\/\/www.radioamigavallenar.cl\/index.php?rest_route=%2Fwp%2Fv2%2Fcategories&post=21355"},{"taxonomy":"post_tag","embeddable":true,"href":"https:\/\/www.radioamigavallenar.cl\/index.php?rest_route=%2Fwp%2Fv2%2Ftags&post=21355"}],"curies":[{"name":"wp","href":"https:\/\/api.w.org\/{rel}","templated":true}]}}