{"id":21352,"date":"2020-02-28T00:53:31","date_gmt":"2020-02-28T03:53:31","guid":{"rendered":"https:\/\/www.radioamigavallenar.cl\/?p=21352"},"modified":"2020-02-28T00:53:33","modified_gmt":"2020-02-28T03:53:33","slug":"usuarias-del-fosis-reciben-apoyo-para-fortalecer-su-vida-en-familia","status":"publish","type":"post","link":"https:\/\/www.radioamigavallenar.cl\/?p=21352","title":{"rendered":"Usuarias del FOSIS reciben apoyo para fortalecer su vida en familia"},"content":{"rendered":"\n<div class=\"wp-block-image\"><figure class=\"aligncenter size-large\"><img loading=\"lazy\" decoding=\"async\" width=\"960\" height=\"720\" src=\"https:\/\/www.radioamigavallenar.cl\/wp-content\/uploads\/2020\/02\/87526473_631806780712298_1122170810077806592_o.jpg\" alt=\"\" class=\"wp-image-21353\" srcset=\"https:\/\/www.radioamigavallenar.cl\/wp-content\/uploads\/2020\/02\/87526473_631806780712298_1122170810077806592_o.jpg 960w, https:\/\/www.radioamigavallenar.cl\/wp-content\/uploads\/2020\/02\/87526473_631806780712298_1122170810077806592_o-300x225.jpg 300w, https:\/\/www.radioamigavallenar.cl\/wp-content\/uploads\/2020\/02\/87526473_631806780712298_1122170810077806592_o-768x576.jpg 768w\" sizes=\"auto, (max-width: 960px) 100vw, 960px\" \/><\/figure><\/div>\n\n\n\n<p>Por distintas tiendas del centro de Copiap\u00f3 recorri\u00f3 la Directora Regional del Fosis, Mar\u00eda Teresa Ca\u00f1as, junto a mujeres que participan del Programa Acci\u00f3n en Familia, a fin de cotizar y realizar la compra de equipamiento para el hogar, instancia que es parte de este proyecto financiado por el Gobierno para que las personas puedan fortalecer su vida familiar a trav\u00e9s de acompa\u00f1amiento social.<\/p>\n\n\n\n<p>\u201cEl Gobierno del Presidente Pi\u00f1era a trav\u00e9s del Fosis tiene este programa que es Acci\u00f3n en Familia, en el que nosotros intervenimos a dos campamentos, uno en Copiap\u00f3 y otro en Tierra Amarilla, para fortalecer la din\u00e1mica familiar. Se trata de que las familias se unan, conversen, tengan un sue\u00f1o en com\u00fan, y este sue\u00f1o se hace realidad al final de todo un proceso de trabajo con la familia en su totalidad\u201d, expres\u00f3 Mar\u00eda Teresa Ca\u00f1as.<\/p>\n\n\n\n<p>El Programa Acci\u00f3n en Familia, que se ejecuta en el campamento Luis Uribe de Tierra Amarilla y Candelaria de Copia\u00f3, adem\u00e1s entrega acompa\u00f1amiento y formaci\u00f3n para las familias, a cargo de profesionales del \u00e1rea social en los propios domicilios de los participantes, y adem\u00e1s se consideran talleres grupales con distintos m\u00f3dulos, donde las familias se re\u00fanen para compartir experiencias.<\/p>\n\n\n\n<p>Rosa Sanvenero de la comuna de Tierra Amarilla es una de las participantes del programa, y sobre la instancia de compras, se\u00f1al\u00f3 que \u201ccumpl\u00ed un sue\u00f1o, porque ten\u00eda mi refrigerador y se hab\u00eda echado a perder. Mis hijos en la escuela reciben colaciones y ten\u00edan que consumir todo pronto porque no hab\u00eda c\u00f3mo refrigerarlo\u201d.<\/p>\n\n\n\n<p>Asimismo, respecto a la intervenci\u00f3n social que se realiza a trav\u00e9s del proyecto, Sanvenero manifest\u00f3 que \u201clos talleres del programa son muy buenos, porque supimos como valorarnos como mujer, compartir como vecinas y conocer los problemas que les afectan para poder apoyarnos\u201d.&nbsp;<\/p>\n\n\n\n<p>Una inversi\u00f3n cercana a los 26 millones de pesos involucra el Programa Acci\u00f3n en Familia en las comunas mencionadas, llegando a 20 familias. Este proyecto se focaliza seg\u00fan la situaci\u00f3n de vulnerabilidad de las personas y por el territorio en el que viven, por lo que a esta iniciativa no se postula.<\/p>\n","protected":false},"excerpt":{"rendered":"<p>Por distintas tiendas del centro de Copiap\u00f3 recorri\u00f3 la Directora Regional del Fosis, Mar\u00eda Teresa Ca\u00f1as, junto a mujeres que participan del Programa Acci\u00f3n en&hellip; <\/p>\n","protected":false},"author":2,"featured_media":21353,"comment_status":"open","ping_status":"closed","sticky":false,"template":"","format":"standard","meta":{"footnotes":""},"categories":[7],"tags":[],"class_list":["post-21352","post","type-post","status-publish","format-standard","has-post-thumbnail","hentry","category-atacama"],"_links":{"self":[{"href":"https:\/\/www.radioamigavallenar.cl\/index.php?rest_route=\/wp\/v2\/posts\/21352","targetHints":{"allow":["GET"]}}],"collection":[{"href":"https:\/\/www.radioamigavallenar.cl\/index.php?rest_route=\/wp\/v2\/posts"}],"about":[{"href":"https:\/\/www.radioamigavallenar.cl\/index.php?rest_route=\/wp\/v2\/types\/post"}],"author":[{"embeddable":true,"href":"https:\/\/www.radioamigavallenar.cl\/index.php?rest_route=\/wp\/v2\/users\/2"}],"replies":[{"embeddable":true,"href":"https:\/\/www.radioamigavallenar.cl\/index.php?rest_route=%2Fwp%2Fv2%2Fcomments&post=21352"}],"version-history":[{"count":0,"href":"https:\/\/www.radioamigavallenar.cl\/index.php?rest_route=\/wp\/v2\/posts\/21352\/revisions"}],"wp:featuredmedia":[{"embeddable":true,"href":"https:\/\/www.radioamigavallenar.cl\/index.php?rest_route=\/wp\/v2\/media\/21353"}],"wp:attachment":[{"href":"https:\/\/www.radioamigavallenar.cl\/index.php?rest_route=%2Fwp%2Fv2%2Fmedia&parent=21352"}],"wp:term":[{"taxonomy":"category","embeddable":true,"href":"https:\/\/www.radioamigavallenar.cl\/index.php?rest_route=%2Fwp%2Fv2%2Fcategories&post=21352"},{"taxonomy":"post_tag","embeddable":true,"href":"https:\/\/www.radioamigavallenar.cl\/index.php?rest_route=%2Fwp%2Fv2%2Ftags&post=21352"}],"curies":[{"name":"wp","href":"https:\/\/api.w.org\/{rel}","templated":true}]}}