{"id":21349,"date":"2020-02-28T00:48:35","date_gmt":"2020-02-28T03:48:35","guid":{"rendered":"https:\/\/www.radioamigavallenar.cl\/?p=21349"},"modified":"2020-02-28T00:48:37","modified_gmt":"2020-02-28T03:48:37","slug":"fiscalia-de-atacama-inauguro-moderno-edificio-institucional-para-la-comunidad-de-chanaral","status":"publish","type":"post","link":"https:\/\/www.radioamigavallenar.cl\/?p=21349","title":{"rendered":"Fiscal\u00eda de Atacama inaugur\u00f3 moderno edificio institucional para la comunidad de Cha\u00f1aral"},"content":{"rendered":"\n<div class=\"wp-block-image\"><figure class=\"aligncenter size-large is-resized\"><img loading=\"lazy\" decoding=\"async\" src=\"https:\/\/www.radioamigavallenar.cl\/wp-content\/uploads\/2020\/02\/cha\u00f1a1-1024x683.jpg\" alt=\"\" class=\"wp-image-21350\" width=\"570\" height=\"379\" srcset=\"https:\/\/www.radioamigavallenar.cl\/wp-content\/uploads\/2020\/02\/cha\u00f1a1-1024x683.jpg 1024w, https:\/\/www.radioamigavallenar.cl\/wp-content\/uploads\/2020\/02\/cha\u00f1a1-300x200.jpg 300w, https:\/\/www.radioamigavallenar.cl\/wp-content\/uploads\/2020\/02\/cha\u00f1a1-768x512.jpg 768w, https:\/\/www.radioamigavallenar.cl\/wp-content\/uploads\/2020\/02\/cha\u00f1a1-1536x1024.jpg 1536w, https:\/\/www.radioamigavallenar.cl\/wp-content\/uploads\/2020\/02\/cha\u00f1a1-2048x1365.jpg 2048w\" sizes=\"auto, (max-width: 570px) 100vw, 570px\" \/><\/figure><\/div>\n\n\n\n<p>Con una ceremonia que fue encabezada por el Fiscal Nacional, Jorge Abbott Charme, la Fiscal\u00eda de Atacama realiz\u00f3 la inauguraci\u00f3n oficial del nuevo edificio que albergar\u00e1 a la Fiscal\u00eda Local de Cha\u00f1aral.&nbsp;<\/p>\n\n\n\n<p>En la ocasi\u00f3n la primera autoridad nacional del Ministerio P\u00fablico destac\u00f3 la modernidad de las obras, las que adem\u00e1s de ofrecer amplios espacios para los usuarios de la Fiscal\u00eda, entregan oficinas acorde con el importante trabajo que a diario deben realizar fiscales y funcionarios en materia de persecuci\u00f3n de los delitos denunciados. Agregando adem\u00e1s que las nuevas oficinas cuentan con tecnolog\u00eda que aportan al medioambiente.<\/p>\n\n\n\n<p>\u201cHoy no s\u00f3lo inauguramos un edificio sino que adem\u00e1s reiteramos el compromiso del Ministerio P\u00fablico con la comunidad y particularmente con las v\u00edctimas de delitos que requieren ser acogidas en lugares que sean dignos, y permitan superar la victimizaci\u00f3n propia del hecho de haber sido objeto de un hecho il\u00edcito. En ese sentido manifestar nuestra satisfacci\u00f3n de encontrarnos en esta comuna, m\u00e1s a\u00fan despu\u00e9s de situaciones tan graves como los aluviones que han afectado a esta comuna en los a\u00f1os 2015 y 2017\u201d, indic\u00f3 Jorge Abbott.<\/p>\n\n\n\n<p>Por su parte el Fiscal Regional de Atacama, Alexis Rogat Lucero, indic\u00f3 que para la regi\u00f3n esta nueva Fiscal\u00eda Local busca entregar los mejores espacios para la funci\u00f3n institucional, adem\u00e1s de contar con c\u00f3modas dependencias para v\u00edctimas, testigos y usuarios del Ministerio P\u00fablico. Agregando que el edificio est\u00e1 levantado en una superficie de 370 metros cuadrados con una inversi\u00f3n superior a los 951 millones de pesos del presupuesto aut\u00f3nomo del Ministerio P\u00fablico, siendo la Unidad T\u00e9cnica del proyecto la Direcci\u00f3n de Arquitectura del Ministerio de Obras P\u00fablicas.<\/p>\n\n\n\n<p>\u201cEsta ceremonia significa una tremenda satisfacci\u00f3n pues se trata de un anhelo largamente esperado por nuestra instituci\u00f3n y la comunidad de Cha\u00f1aral. La Fiscal\u00eda de Atacama requer\u00eda de unas dependencias como estas y que adem\u00e1s fueran un espacio confortable para los funcionarios y acogedor para los usuarios\u201d, dijo Rogat.<\/p>\n","protected":false},"excerpt":{"rendered":"<p>Con una ceremonia que fue encabezada por el Fiscal Nacional, Jorge Abbott Charme, la Fiscal\u00eda de Atacama realiz\u00f3 la inauguraci\u00f3n oficial del nuevo edificio que&hellip; <\/p>\n","protected":false},"author":2,"featured_media":21350,"comment_status":"open","ping_status":"closed","sticky":false,"template":"","format":"standard","meta":{"footnotes":""},"categories":[7],"tags":[],"class_list":["post-21349","post","type-post","status-publish","format-standard","has-post-thumbnail","hentry","category-atacama"],"_links":{"self":[{"href":"https:\/\/www.radioamigavallenar.cl\/index.php?rest_route=\/wp\/v2\/posts\/21349","targetHints":{"allow":["GET"]}}],"collection":[{"href":"https:\/\/www.radioamigavallenar.cl\/index.php?rest_route=\/wp\/v2\/posts"}],"about":[{"href":"https:\/\/www.radioamigavallenar.cl\/index.php?rest_route=\/wp\/v2\/types\/post"}],"author":[{"embeddable":true,"href":"https:\/\/www.radioamigavallenar.cl\/index.php?rest_route=\/wp\/v2\/users\/2"}],"replies":[{"embeddable":true,"href":"https:\/\/www.radioamigavallenar.cl\/index.php?rest_route=%2Fwp%2Fv2%2Fcomments&post=21349"}],"version-history":[{"count":0,"href":"https:\/\/www.radioamigavallenar.cl\/index.php?rest_route=\/wp\/v2\/posts\/21349\/revisions"}],"wp:featuredmedia":[{"embeddable":true,"href":"https:\/\/www.radioamigavallenar.cl\/index.php?rest_route=\/wp\/v2\/media\/21350"}],"wp:attachment":[{"href":"https:\/\/www.radioamigavallenar.cl\/index.php?rest_route=%2Fwp%2Fv2%2Fmedia&parent=21349"}],"wp:term":[{"taxonomy":"category","embeddable":true,"href":"https:\/\/www.radioamigavallenar.cl\/index.php?rest_route=%2Fwp%2Fv2%2Fcategories&post=21349"},{"taxonomy":"post_tag","embeddable":true,"href":"https:\/\/www.radioamigavallenar.cl\/index.php?rest_route=%2Fwp%2Fv2%2Ftags&post=21349"}],"curies":[{"name":"wp","href":"https:\/\/api.w.org\/{rel}","templated":true}]}}