{"id":21346,"date":"2020-02-28T00:44:54","date_gmt":"2020-02-28T03:44:54","guid":{"rendered":"https:\/\/www.radioamigavallenar.cl\/?p=21346"},"modified":"2020-02-28T00:44:55","modified_gmt":"2020-02-28T03:44:55","slug":"mas-de-50-adultos-mayores-dialogaron-sobre-pensiones-y-agenda-social-con-director-nacional-de-senama-e-intendente-urquieta","status":"publish","type":"post","link":"https:\/\/www.radioamigavallenar.cl\/?p=21346","title":{"rendered":"M\u00e1s de 50 adultos mayores dialogaron sobre pensiones y Agenda Social con director nacional de SENAMA e Intendente Urquieta"},"content":{"rendered":"\n<div class=\"wp-block-image\"><figure class=\"aligncenter size-large\"><img loading=\"lazy\" decoding=\"async\" width=\"1024\" height=\"662\" src=\"https:\/\/www.radioamigavallenar.cl\/wp-content\/uploads\/2020\/02\/Dir-SENAMA-2-1024x662.jpg\" alt=\"\" class=\"wp-image-21347\" srcset=\"https:\/\/www.radioamigavallenar.cl\/wp-content\/uploads\/2020\/02\/Dir-SENAMA-2-1024x662.jpg 1024w, https:\/\/www.radioamigavallenar.cl\/wp-content\/uploads\/2020\/02\/Dir-SENAMA-2-300x194.jpg 300w, https:\/\/www.radioamigavallenar.cl\/wp-content\/uploads\/2020\/02\/Dir-SENAMA-2-768x497.jpg 768w, https:\/\/www.radioamigavallenar.cl\/wp-content\/uploads\/2020\/02\/Dir-SENAMA-2.jpg 1249w\" sizes=\"auto, (max-width: 1024px) 100vw, 1024px\" \/><\/figure><\/div>\n\n\n\n<p>Avances concretos de la Nueva Agenda Social, an\u00e1lisis sobre las pensiones e iniciativas en materia de salud por parte del Ejecutivo, fueron los temas que abordaron 65 vecinos y adultos mayores de la comuna de Vallenar, junto a las autoridades de Gobierno Regional encabezadas por el director del Servicio Nacional del Adulto Mayor (Senama), Octavio Vergara y el Intendente de Atacama Patricio Urquieta Garc\u00eda.&nbsp;<\/p>\n\n\n\n<p>Los asistentes realizaron preguntas, resolvieron sus inquietudes y propusieron ideas para que el pa\u00eds contin\u00fae avanzando de cara al a\u00f1o 2020. Las autoridades por su parte, enfatizaron que estos encuentros se enmarcan en los tiempos donde los acuerdos, el trabajo en equipo y con sentido de unidad, son la prioridad y la \u00fanica f\u00f3rmula para generar avances concretos.&nbsp;<\/p>\n\n\n\n<p>El intendente de Atacama, Patricio Urquieta, dijo que \u201cestamos muy contentos compartiendo con un grupo muy importante de vecinos que vienen de distintas partes de la Provincia, a fin de darles a conocer lo que estamos haciendo con la Agenda Social del Presidente Pi\u00f1era. En materia de pensiones, les contamos c\u00f3mo han subido las pensiones con el Pilar Solidario, en materia de salud, c\u00f3mo estamos haciendo para poder mejorar los plazos de atenci\u00f3n en el sistema de salud con la reforma a Fonasa y adem\u00e1s bajando tambi\u00e9n el precio de los remedios a contar del mes de abril, tambi\u00e9n c\u00f3mo van a rebajarse e incluso eliminarse el pago de las contribuciones respecto de un grupo importante de adultos mayores en Chile, as\u00ed que son cosas concretas que vale la pena transmitirles para que las conozca la gente y adem\u00e1s tambi\u00e9n aprovechar este espacio para recibir sus inquietudes, sus propuestas y ver c\u00f3mo permanentemente estamos en un di\u00e1logo que sea constructivo y que atienda estas necesidades con soluciones concretas\u201d.<\/p>\n\n\n\n<p>A su vez, el director nacional de Senama, Octavio Vergara destac\u00f3 que \u00abel alza de las pensiones, las contribuciones y las medidas para rebajar el precio de los medicamentos son temas muy relevantes para las personas mayores, ya que afectan de manera directa su calidad de vida. Por eso, este encuentro nos ha permitido resolver una serie de dudas que tienen las personas respecto de estos avances impulsados a trav\u00e9s de la Agenda Social. Adem\u00e1s, pudimos escuchar sus opiniones y propuestas, lo que es muy relevante, ya que les permite ser protagonistas de los cambios que hoy requiere el pa\u00eds\u00bb.&nbsp;&nbsp;&nbsp;<\/p>\n\n\n\n<p>Por su parte, la Seremi de Gobierno, Mar\u00eda Francisca Plaza Velis, afirm\u00f3 que \u201cen la regi\u00f3n de Atacama 23.335 adultos mayores ver\u00e1n aumentadas sus pensiones y 28.110 pagar\u00e1n menos por su tarifa de transporte, 17.445 familias reciben el Bono Extraordinario y 8.500 personas podr\u00e1n ser beneficiadas con el Ingreso M\u00ednimo garantizado. Todo esto se enmarca en apoyo concreto a trav\u00e9s de la Nueva Agenda Social que impulsa nuestro Presidente Sebasti\u00e1n Pi\u00f1era y que por cierto, nuestra Ministra Karla Rubilar nos ha mandatado informar\u201d&nbsp;<\/p>\n\n\n\n<p><strong>Testimonios de Asistentes al encuentro con el Gobierno&nbsp;<\/strong><\/p>\n\n\n\n<p>Luis Zuleta, Presidente del Club de Adulto Mayor San Antonio de El Tr\u00e1nsito, destac\u00f3 que \u201cnosotros esper\u00e1bamos estos cambios que est\u00e1n dentro de la programaci\u00f3n del Gobierno, as\u00ed que estoy contento, contento por lo que viene\u201d.&nbsp;<\/p>\n\n\n\n<p>Para concluir, Ingrid Torres, Presidenta de la Junta de Vecinos N\u00famero 3, Quinta Valle, dijo que \u201cme da gusto ver la preocupaci\u00f3n que hay del Gobierno por los adultos mayores principalmente. Lo relacionado con la rebaja de los remedios es una buena noticia, muy interesante que las personas que pertenecemos a Fonasa, y tambi\u00e9n yo tengo a mi padre que tiene 83 a\u00f1os y tambi\u00e9n es de Fonasa, le cuesta encontrar remedios baratos as\u00ed que eso lo encuentro muy bueno\u201d.&nbsp;<\/p>\n\n\n\n<p><strong>Despliegue Nacional<\/strong><\/p>\n\n\n\n<p>Por mandato del Presidente Sebasti\u00e1n Pi\u00f1era, distintas autoridades del Gobierno se desplegaron por el pa\u00eds para conversar y escuchar a las personas. En Atacama, el director nacional del Senama, en una extensa jornada de trabajo, encabez\u00f3 la jornada visitando radio Candelaria en la comuna de Tierra Amarilla, desarrollando un di\u00e1logo ciudadano con m\u00e1s de 50 personas y una  visitan a nuestra radio <\/p>\n","protected":false},"excerpt":{"rendered":"<p>Avances concretos de la Nueva Agenda Social, an\u00e1lisis sobre las pensiones e iniciativas en materia de salud por parte del Ejecutivo, fueron los temas que&hellip; <\/p>\n","protected":false},"author":2,"featured_media":21347,"comment_status":"open","ping_status":"closed","sticky":false,"template":"","format":"standard","meta":{"footnotes":""},"categories":[1,2],"tags":[],"class_list":["post-21346","post","type-post","status-publish","format-standard","has-post-thumbnail","hentry","category-provincia-del-huasco-2","category-vallenar"],"_links":{"self":[{"href":"https:\/\/www.radioamigavallenar.cl\/index.php?rest_route=\/wp\/v2\/posts\/21346","targetHints":{"allow":["GET"]}}],"collection":[{"href":"https:\/\/www.radioamigavallenar.cl\/index.php?rest_route=\/wp\/v2\/posts"}],"about":[{"href":"https:\/\/www.radioamigavallenar.cl\/index.php?rest_route=\/wp\/v2\/types\/post"}],"author":[{"embeddable":true,"href":"https:\/\/www.radioamigavallenar.cl\/index.php?rest_route=\/wp\/v2\/users\/2"}],"replies":[{"embeddable":true,"href":"https:\/\/www.radioamigavallenar.cl\/index.php?rest_route=%2Fwp%2Fv2%2Fcomments&post=21346"}],"version-history":[{"count":0,"href":"https:\/\/www.radioamigavallenar.cl\/index.php?rest_route=\/wp\/v2\/posts\/21346\/revisions"}],"wp:featuredmedia":[{"embeddable":true,"href":"https:\/\/www.radioamigavallenar.cl\/index.php?rest_route=\/wp\/v2\/media\/21347"}],"wp:attachment":[{"href":"https:\/\/www.radioamigavallenar.cl\/index.php?rest_route=%2Fwp%2Fv2%2Fmedia&parent=21346"}],"wp:term":[{"taxonomy":"category","embeddable":true,"href":"https:\/\/www.radioamigavallenar.cl\/index.php?rest_route=%2Fwp%2Fv2%2Fcategories&post=21346"},{"taxonomy":"post_tag","embeddable":true,"href":"https:\/\/www.radioamigavallenar.cl\/index.php?rest_route=%2Fwp%2Fv2%2Ftags&post=21346"}],"curies":[{"name":"wp","href":"https:\/\/api.w.org\/{rel}","templated":true}]}}