{"id":21343,"date":"2020-02-28T00:42:05","date_gmt":"2020-02-28T03:42:05","guid":{"rendered":"https:\/\/www.radioamigavallenar.cl\/?p=21343"},"modified":"2020-02-28T00:42:06","modified_gmt":"2020-02-28T03:42:06","slug":"carabineros-llama-a-conductores-a-la-precaucion-para-un-regreso-seguro","status":"publish","type":"post","link":"https:\/\/www.radioamigavallenar.cl\/?p=21343","title":{"rendered":"Carabineros llama a conductores a la precauci\u00f3n para un regreso seguro"},"content":{"rendered":"\n<figure class=\"wp-block-image size-large\"><img loading=\"lazy\" decoding=\"async\" width=\"1024\" height=\"768\" src=\"https:\/\/www.radioamigavallenar.cl\/wp-content\/uploads\/2020\/02\/IMG-1744-1024x768.jpg\" alt=\"\" class=\"wp-image-21344\" srcset=\"https:\/\/www.radioamigavallenar.cl\/wp-content\/uploads\/2020\/02\/IMG-1744-1024x768.jpg 1024w, https:\/\/www.radioamigavallenar.cl\/wp-content\/uploads\/2020\/02\/IMG-1744-300x225.jpg 300w, https:\/\/www.radioamigavallenar.cl\/wp-content\/uploads\/2020\/02\/IMG-1744-768x576.jpg 768w, https:\/\/www.radioamigavallenar.cl\/wp-content\/uploads\/2020\/02\/IMG-1744-1536x1152.jpg 1536w, https:\/\/www.radioamigavallenar.cl\/wp-content\/uploads\/2020\/02\/IMG-1744-2048x1536.jpg 2048w\" sizes=\"auto, (max-width: 1024px) 100vw, 1024px\" \/><\/figure>\n\n\n\n<p>Para muchos este fin de semana marcar\u00e1 el t\u00e9rmino del per\u00edodo estival, debiendo regresar a sus respectivos lugares de or\u00edgenes a retomar sus labores cotidianas. Por esto, Carabineros formul\u00f3 un llamado a la responsabilidad y precauci\u00f3n.&nbsp;<\/p>\n\n\n\n<p>Los esfuerzos en materia de servicios de tr\u00e1nsito apuntan a generar condiciones de seguridad en los desplazamientos, tanto del transporte p\u00fablico como de los veh\u00edculos particulares, como tambi\u00e9n mantener presencia activa y efectiva en lugares donde se incrementar\u00e1n los desplazamientos por el t\u00e9rmino del per\u00edodo estival. As\u00ed destac\u00f3 el Comisario (S) de la 2da Comisar\u00eda Copiap\u00f3, capit\u00e1n Jorcy Rojas Mella reiterando el llamado a las personas a ser tolerantes, pacientes y respetuosas en los desplazamientos.<\/p>\n\n\n\n<p>Durante los controles y fiscalizaciones diarias&nbsp;lo que se busca es garantizar el respeto a la vida, toda vez, que cualquier imprudencia puede tener como consecuencia la p\u00e9rdida de vidas humanas, muchas veces de personas inocentes que est\u00e1n realizando su vida cotidiana y se ven envueltas en acciones imprudentes de terceros.&nbsp;<\/p>\n\n\n\n<p>El respeto a la vida es un derecho de todos, por tanto no se puede ser permisivo cuando los conductores hacen caso omiso de se\u00f1alizaciones y disposiciones legales tan b\u00e1sicas, como el uso del cintur\u00f3n de seguridad en todos los ocupantes del veh\u00edculo, respetar los discos pare y ceda el paso, las velocidades m\u00e1ximas permitidas, guardar una distancia prudente con el veh\u00edculo que lo antecede, no ingerir alcohol si se va a conducir y otras&nbsp; que si no se respetan, son la conclusi\u00f3n de un accidente de tr\u00e1nsito, que trae consigo insospechadas consecuencias para las personas y sus bienes patrimoniales.&nbsp;<\/p>\n\n\n\n<p>Por este motivo, cuando hacemos controles y fiscalizaciones no es para amonestar a los conductores, sino para hacer un llamado de atenci\u00f3n frente a la importancia y necesidad de asumir el compromiso de respetar la vida de los dem\u00e1s. A tener conciencia que no se puede conducir un veh\u00edculo, por ning\u00fan motivo o circunstancia contraviniendo las normas establecidas en la Legislaci\u00f3n de Tr\u00e1nsito; sino a internalizar el respeto por los dem\u00e1s.<\/p>\n\n\n\n<p>Por otra parte, dijo que para este fin de semana y ante el t\u00e9rmino de la temporada estival y realizaci\u00f3n de actividades se tiene considerado un plan de contingencia para la comuna de Caldera, sin embargo, reiter\u00f3 que la clave para evitar accidentes y hechos delictuales es la prevenci\u00f3n, autocuidado y respeto<\/p>\n","protected":false},"excerpt":{"rendered":"<p>Para muchos este fin de semana marcar\u00e1 el t\u00e9rmino del per\u00edodo estival, debiendo regresar a sus respectivos lugares de or\u00edgenes a retomar sus labores cotidianas.&hellip; <\/p>\n","protected":false},"author":2,"featured_media":21344,"comment_status":"open","ping_status":"closed","sticky":false,"template":"","format":"standard","meta":{"footnotes":""},"categories":[6],"tags":[],"class_list":["post-21343","post","type-post","status-publish","format-standard","has-post-thumbnail","hentry","category-policial"],"_links":{"self":[{"href":"https:\/\/www.radioamigavallenar.cl\/index.php?rest_route=\/wp\/v2\/posts\/21343","targetHints":{"allow":["GET"]}}],"collection":[{"href":"https:\/\/www.radioamigavallenar.cl\/index.php?rest_route=\/wp\/v2\/posts"}],"about":[{"href":"https:\/\/www.radioamigavallenar.cl\/index.php?rest_route=\/wp\/v2\/types\/post"}],"author":[{"embeddable":true,"href":"https:\/\/www.radioamigavallenar.cl\/index.php?rest_route=\/wp\/v2\/users\/2"}],"replies":[{"embeddable":true,"href":"https:\/\/www.radioamigavallenar.cl\/index.php?rest_route=%2Fwp%2Fv2%2Fcomments&post=21343"}],"version-history":[{"count":0,"href":"https:\/\/www.radioamigavallenar.cl\/index.php?rest_route=\/wp\/v2\/posts\/21343\/revisions"}],"wp:featuredmedia":[{"embeddable":true,"href":"https:\/\/www.radioamigavallenar.cl\/index.php?rest_route=\/wp\/v2\/media\/21344"}],"wp:attachment":[{"href":"https:\/\/www.radioamigavallenar.cl\/index.php?rest_route=%2Fwp%2Fv2%2Fmedia&parent=21343"}],"wp:term":[{"taxonomy":"category","embeddable":true,"href":"https:\/\/www.radioamigavallenar.cl\/index.php?rest_route=%2Fwp%2Fv2%2Fcategories&post=21343"},{"taxonomy":"post_tag","embeddable":true,"href":"https:\/\/www.radioamigavallenar.cl\/index.php?rest_route=%2Fwp%2Fv2%2Ftags&post=21343"}],"curies":[{"name":"wp","href":"https:\/\/api.w.org\/{rel}","templated":true}]}}