{"id":21340,"date":"2020-02-27T12:23:21","date_gmt":"2020-02-27T15:23:21","guid":{"rendered":"https:\/\/www.radioamigavallenar.cl\/?p=21340"},"modified":"2020-02-27T12:23:22","modified_gmt":"2020-02-27T15:23:22","slug":"autoridad-ambiental-respalda-rajo-inca-proyecto-de-codelco-por-us1-000-millones","status":"publish","type":"post","link":"https:\/\/www.radioamigavallenar.cl\/?p=21340","title":{"rendered":"Autoridad ambiental respalda Rajo Inca, proyecto de Codelco por US$1.000 millones"},"content":{"rendered":"\n<div class=\"wp-block-image\"><figure class=\"aligncenter size-large\"><img loading=\"lazy\" decoding=\"async\" width=\"500\" height=\"323\" src=\"https:\/\/www.radioamigavallenar.cl\/wp-content\/uploads\/2020\/02\/proyecto-codelco-cobre-seia-rajoinca-divisionsalvador.jpg\" alt=\"\" class=\"wp-image-21341\" srcset=\"https:\/\/www.radioamigavallenar.cl\/wp-content\/uploads\/2020\/02\/proyecto-codelco-cobre-seia-rajoinca-divisionsalvador.jpg 500w, https:\/\/www.radioamigavallenar.cl\/wp-content\/uploads\/2020\/02\/proyecto-codelco-cobre-seia-rajoinca-divisionsalvador-300x194.jpg 300w\" sizes=\"auto, (max-width: 500px) 100vw, 500px\" \/><\/figure><\/div>\n\n\n\n<p>Se trata de la estrategia que est\u00e1 impulsando la minera estatal para extender por otros 40 a\u00f1os la vida \u00fatil de la divisi\u00f3n Salvador y elevar su producci\u00f3n a partir de 2021.<\/p>\n\n\n\n<p> Con un positivo antecedente enfrentar\u00e1 este viernes la comisi\u00f3n ambiental de la Regi\u00f3n de Atacama el proyecto Rajo Inca, perteneciente a la estatal Codelco.<\/p>\n\n\n\n<p>Esto, luego de que el Servicio de Evaluaci\u00f3n Ambiental (SEA) de esa regi\u00f3n respaldara los antecedentes presentados por la compa\u00f1\u00eda, recomendando dar luz verde a la iniciativa, que comenz\u00f3 su estudio ambiental en octubre de 2018.<\/p>\n\n\n\n<p>Se trata de uno de los proyectos estructurales que actualmente impulsa la minera estatal: considera una inversi\u00f3n de unos US$1.000 millones y que, seg\u00fan ha explicado la Corporaci\u00f3n, permitir\u00e1 dar continuidad operacional a la Divisi\u00f3n Salvador por otros 40 a\u00f1os y aumentar 30% la producci\u00f3n de los niveles actuales a partir de 2021, por lo que su desarrollo es clave para el futuro de esa divisi\u00f3n.<\/p>\n","protected":false},"excerpt":{"rendered":"<p>Se trata de la estrategia que est\u00e1 impulsando la minera estatal para extender por otros 40 a\u00f1os la vida \u00fatil de la divisi\u00f3n Salvador y&hellip; <\/p>\n","protected":false},"author":2,"featured_media":21341,"comment_status":"open","ping_status":"closed","sticky":false,"template":"","format":"standard","meta":{"footnotes":""},"categories":[7],"tags":[],"class_list":["post-21340","post","type-post","status-publish","format-standard","has-post-thumbnail","hentry","category-atacama"],"_links":{"self":[{"href":"https:\/\/www.radioamigavallenar.cl\/index.php?rest_route=\/wp\/v2\/posts\/21340","targetHints":{"allow":["GET"]}}],"collection":[{"href":"https:\/\/www.radioamigavallenar.cl\/index.php?rest_route=\/wp\/v2\/posts"}],"about":[{"href":"https:\/\/www.radioamigavallenar.cl\/index.php?rest_route=\/wp\/v2\/types\/post"}],"author":[{"embeddable":true,"href":"https:\/\/www.radioamigavallenar.cl\/index.php?rest_route=\/wp\/v2\/users\/2"}],"replies":[{"embeddable":true,"href":"https:\/\/www.radioamigavallenar.cl\/index.php?rest_route=%2Fwp%2Fv2%2Fcomments&post=21340"}],"version-history":[{"count":0,"href":"https:\/\/www.radioamigavallenar.cl\/index.php?rest_route=\/wp\/v2\/posts\/21340\/revisions"}],"wp:featuredmedia":[{"embeddable":true,"href":"https:\/\/www.radioamigavallenar.cl\/index.php?rest_route=\/wp\/v2\/media\/21341"}],"wp:attachment":[{"href":"https:\/\/www.radioamigavallenar.cl\/index.php?rest_route=%2Fwp%2Fv2%2Fmedia&parent=21340"}],"wp:term":[{"taxonomy":"category","embeddable":true,"href":"https:\/\/www.radioamigavallenar.cl\/index.php?rest_route=%2Fwp%2Fv2%2Fcategories&post=21340"},{"taxonomy":"post_tag","embeddable":true,"href":"https:\/\/www.radioamigavallenar.cl\/index.php?rest_route=%2Fwp%2Fv2%2Ftags&post=21340"}],"curies":[{"name":"wp","href":"https:\/\/api.w.org\/{rel}","templated":true}]}}