{"id":21337,"date":"2020-02-27T12:09:39","date_gmt":"2020-02-27T15:09:39","guid":{"rendered":"https:\/\/www.radioamigavallenar.cl\/?p=21337"},"modified":"2020-02-27T12:09:41","modified_gmt":"2020-02-27T15:09:41","slug":"diputada-sofia-cid-yo-voto-rechazo-porque-las-demandadas-sociales-no-se-solucionan-con-una-nueva-constitucion","status":"publish","type":"post","link":"https:\/\/www.radioamigavallenar.cl\/?p=21337","title":{"rendered":"Diputada Sof\u00eda Cid: \u201cYo voto rechazo, porque las demandadas sociales no se solucionan con una nueva constituci\u00f3n\u201d."},"content":{"rendered":"\n<div class=\"wp-block-image\"><figure class=\"aligncenter size-large\"><img loading=\"lazy\" decoding=\"async\" width=\"1024\" height=\"682\" src=\"https:\/\/www.radioamigavallenar.cl\/wp-content\/uploads\/2020\/02\/sofia-cid-002-1024x682.jpeg\" alt=\"\" class=\"wp-image-21338\" srcset=\"https:\/\/www.radioamigavallenar.cl\/wp-content\/uploads\/2020\/02\/sofia-cid-002-1024x682.jpeg 1024w, https:\/\/www.radioamigavallenar.cl\/wp-content\/uploads\/2020\/02\/sofia-cid-002-300x200.jpeg 300w, https:\/\/www.radioamigavallenar.cl\/wp-content\/uploads\/2020\/02\/sofia-cid-002-768x512.jpeg 768w, https:\/\/www.radioamigavallenar.cl\/wp-content\/uploads\/2020\/02\/sofia-cid-002.jpeg 1280w\" sizes=\"auto, (max-width: 1024px) 100vw, 1024px\" \/><\/figure><\/div>\n\n\n\n<p>\u201cEste pr\u00f3ximo 26 de abril Chile tiene una oportunidad \u00fanica de recuperar el camino trazado hacia el desarrollo, hacia la derrota de la pobreza y donde el trabajo y las oportunidades sean el motor de nuestra sociedad\u201d, con estas palabras, la Diputada Sof\u00eda Cid Versalovic se refiri\u00f3 al inicio de la campa\u00f1a por el \u201cRechazo\u201d del plebiscito.<\/p>\n\n\n\n<p>La parlamentaria de RN por Atacama fue clara en su mensaje \u201cYo voto rechazo, porque las demandadas sociales no se solucionan con una nueva constituci\u00f3n, se soluciona con leyes que se tramitan en el Congreso\u201d, agregando que \u201cse han ido aprobando varias de estas leyes a favor de la ciudadan\u00eda y la clase media, pero aqu\u00ed hay que ser transparentes y decirlo con todas sus letras: la ley de pensiones llevan m\u00e1s de un a\u00f1o en el Congreso y la oposici\u00f3n no la deja avanzar, y ahora est\u00e1 en el Senado\u201d, coment\u00f3.<\/p>\n\n\n\n<p>\u201cAqu\u00ed no hay medias tintas ni doble discurso, yo voto rechazo porque la oposici\u00f3n no respet\u00f3 el acuerdo de paz del 15 de noviembre, y todos sabemos que cuando se tramit\u00f3 en el Congreso agregaron indicaciones que no estaban en el acuerdo y peor de todo es que la violencia nunca par\u00f3\u201d dijo Cid Versalovic.<\/p>\n\n\n\n<p>La opci\u00f3n de votar por Rechazo es mayoritaria entre los parlamentarios RN, se\u00f1al\u00f3 la legisladora, \u201cporque estamos convencidos que por este camino se puede derrotar la violencia de uno pocos, que tanto da\u00f1o han hecho al pa\u00eds, al empleo, a la educaci\u00f3n y a todos aquellos que tienen que enfrentarse a la incertidumbre de con qu\u00e9 nos vamos a encontrar hoy\u201d.<\/p>\n\n\n\n<p>En su reflexi\u00f3n Sof\u00eda Cid dijo que \u201caqu\u00ed lo que est\u00e1 en juego es la paz social y orden p\u00fablico, que se ven amenazados. Todos sabemos que la ciudadan\u00eda lo que est\u00e1 solicitando son reformas sociales, y eso no pasa por una nueva constituci\u00f3n, y aquellos que tratan de convencer a las personas que con esto se van solucionar todos los problemas de Chile, est\u00e1n simplemente llevando al pa\u00eds a un camino desconocido, del cual tenemos ejemplos conocidos por todos\u201d.<\/p>\n\n\n\n<p>Por \u00faltimo, la Diputada Cid hizo un llamado a no tener miedo, \u201csi usted quiere votar Rechazo, lo puede hacer, sin dejarse amedrentar por grupos minoritarios, que utilizan precisamente el miedo para coartar la libertad de las personas\u201d.<br><\/p>\n","protected":false},"excerpt":{"rendered":"<p>\u201cEste pr\u00f3ximo 26 de abril Chile tiene una oportunidad \u00fanica de recuperar el camino trazado hacia el desarrollo, hacia la derrota de la pobreza y&hellip; <\/p>\n","protected":false},"author":2,"featured_media":21338,"comment_status":"open","ping_status":"closed","sticky":false,"template":"","format":"standard","meta":{"footnotes":""},"categories":[7],"tags":[],"class_list":["post-21337","post","type-post","status-publish","format-standard","has-post-thumbnail","hentry","category-atacama"],"_links":{"self":[{"href":"https:\/\/www.radioamigavallenar.cl\/index.php?rest_route=\/wp\/v2\/posts\/21337","targetHints":{"allow":["GET"]}}],"collection":[{"href":"https:\/\/www.radioamigavallenar.cl\/index.php?rest_route=\/wp\/v2\/posts"}],"about":[{"href":"https:\/\/www.radioamigavallenar.cl\/index.php?rest_route=\/wp\/v2\/types\/post"}],"author":[{"embeddable":true,"href":"https:\/\/www.radioamigavallenar.cl\/index.php?rest_route=\/wp\/v2\/users\/2"}],"replies":[{"embeddable":true,"href":"https:\/\/www.radioamigavallenar.cl\/index.php?rest_route=%2Fwp%2Fv2%2Fcomments&post=21337"}],"version-history":[{"count":0,"href":"https:\/\/www.radioamigavallenar.cl\/index.php?rest_route=\/wp\/v2\/posts\/21337\/revisions"}],"wp:featuredmedia":[{"embeddable":true,"href":"https:\/\/www.radioamigavallenar.cl\/index.php?rest_route=\/wp\/v2\/media\/21338"}],"wp:attachment":[{"href":"https:\/\/www.radioamigavallenar.cl\/index.php?rest_route=%2Fwp%2Fv2%2Fmedia&parent=21337"}],"wp:term":[{"taxonomy":"category","embeddable":true,"href":"https:\/\/www.radioamigavallenar.cl\/index.php?rest_route=%2Fwp%2Fv2%2Fcategories&post=21337"},{"taxonomy":"post_tag","embeddable":true,"href":"https:\/\/www.radioamigavallenar.cl\/index.php?rest_route=%2Fwp%2Fv2%2Ftags&post=21337"}],"curies":[{"name":"wp","href":"https:\/\/api.w.org\/{rel}","templated":true}]}}