{"id":21333,"date":"2020-02-27T00:24:27","date_gmt":"2020-02-27T03:24:27","guid":{"rendered":"https:\/\/www.radioamigavallenar.cl\/?p=21333"},"modified":"2020-02-27T00:24:29","modified_gmt":"2020-02-27T03:24:29","slug":"sismo-de-mediana-magnitud-se-percibio-este-miercoles-en-coquimbo-y-atacama","status":"publish","type":"post","link":"https:\/\/www.radioamigavallenar.cl\/?p=21333","title":{"rendered":"Sismo de mediana magnitud se percibi\u00f3 este mi\u00e9rcoles en Coquimbo y Atacama"},"content":{"rendered":"\n<div class=\"wp-block-image\"><figure class=\"aligncenter size-large\"><img loading=\"lazy\" decoding=\"async\" width=\"1024\" height=\"683\" src=\"https:\/\/www.radioamigavallenar.cl\/wp-content\/uploads\/2020\/02\/capturadepantall-2e35ecd53c46c71a214c66e4fe8711c1-1200x800-1-1024x683.jpg\" alt=\"\" class=\"wp-image-21334\" srcset=\"https:\/\/www.radioamigavallenar.cl\/wp-content\/uploads\/2020\/02\/capturadepantall-2e35ecd53c46c71a214c66e4fe8711c1-1200x800-1-1024x683.jpg 1024w, https:\/\/www.radioamigavallenar.cl\/wp-content\/uploads\/2020\/02\/capturadepantall-2e35ecd53c46c71a214c66e4fe8711c1-1200x800-1-300x200.jpg 300w, https:\/\/www.radioamigavallenar.cl\/wp-content\/uploads\/2020\/02\/capturadepantall-2e35ecd53c46c71a214c66e4fe8711c1-1200x800-1-768x512.jpg 768w, https:\/\/www.radioamigavallenar.cl\/wp-content\/uploads\/2020\/02\/capturadepantall-2e35ecd53c46c71a214c66e4fe8711c1-1200x800-1.jpg 1200w\" sizes=\"auto, (max-width: 1024px) 100vw, 1024px\" \/><\/figure><\/div>\n\n\n\n<p>Un sismo de mediana magnitud se percibi\u00f3 la noche de este mi\u00e9rcoles en comunas de las regiones de Coquimbo y Atacama.<\/p>\n\n\n\n<p>El Centro Sismol\u00f3gico Nacional de la Universidad de Chile inform\u00f3 que el movimiento tel\u00farico ocurri\u00f3 a las 22:36 y tuvo&nbsp;<strong>una magnitud 5 con epicentro a 24 km al O de La Higuera<\/strong>&nbsp;y a 91 kil\u00f3metros de profundidad.<\/p>\n\n\n\n<p>Seg\u00fan report\u00f3 La Radio en Coquimbo, se trat\u00f3 de un sismo que fue acompa\u00f1ado por fuerte ruido.<\/p>\n\n\n\n<p>La Oficina Nacional de Emergencia del Ministerio del Interior, en tanto, report\u00f3 las siguientes intensidades Mercalli:<\/p>\n\n\n\n<h2 class=\"wp-block-heading\">Regi\u00f3n de Atacama<\/h2>\n\n\n\n<p>Alto del Carmen: IV<\/p>\n\n\n\n<p>Freirina: III<\/p>\n\n\n\n<p>Huasco: III<\/p>\n\n\n\n<p>Vallenar: IV<\/p>\n\n\n\n<h2 class=\"wp-block-heading\">Regi\u00f3n de Coquimbo<\/h2>\n\n\n\n<p>Andacollo: IV<\/p>\n\n\n\n<p>Coquimbo: III<\/p>\n\n\n\n<p>La Higuera: IV<\/p>\n\n\n\n<p>La Serena: IV<\/p>\n\n\n\n<p>Ovalle: III<\/p>\n\n\n\n<p>\u201cNo se reportan da\u00f1os a personas, alteraci\u00f3n a servicios b\u00e1sicos o infraestructura producto de este sismo\u201d, agreg\u00f3 la instituci\u00f3n.<\/p>\n","protected":false},"excerpt":{"rendered":"<p>Un sismo de mediana magnitud se percibi\u00f3 la noche de este mi\u00e9rcoles en comunas de las regiones de Coquimbo y Atacama. El Centro Sismol\u00f3gico Nacional&hellip; <\/p>\n","protected":false},"author":2,"featured_media":21334,"comment_status":"open","ping_status":"closed","sticky":false,"template":"","format":"standard","meta":{"footnotes":""},"categories":[7],"tags":[],"class_list":["post-21333","post","type-post","status-publish","format-standard","has-post-thumbnail","hentry","category-atacama"],"_links":{"self":[{"href":"https:\/\/www.radioamigavallenar.cl\/index.php?rest_route=\/wp\/v2\/posts\/21333","targetHints":{"allow":["GET"]}}],"collection":[{"href":"https:\/\/www.radioamigavallenar.cl\/index.php?rest_route=\/wp\/v2\/posts"}],"about":[{"href":"https:\/\/www.radioamigavallenar.cl\/index.php?rest_route=\/wp\/v2\/types\/post"}],"author":[{"embeddable":true,"href":"https:\/\/www.radioamigavallenar.cl\/index.php?rest_route=\/wp\/v2\/users\/2"}],"replies":[{"embeddable":true,"href":"https:\/\/www.radioamigavallenar.cl\/index.php?rest_route=%2Fwp%2Fv2%2Fcomments&post=21333"}],"version-history":[{"count":0,"href":"https:\/\/www.radioamigavallenar.cl\/index.php?rest_route=\/wp\/v2\/posts\/21333\/revisions"}],"wp:featuredmedia":[{"embeddable":true,"href":"https:\/\/www.radioamigavallenar.cl\/index.php?rest_route=\/wp\/v2\/media\/21334"}],"wp:attachment":[{"href":"https:\/\/www.radioamigavallenar.cl\/index.php?rest_route=%2Fwp%2Fv2%2Fmedia&parent=21333"}],"wp:term":[{"taxonomy":"category","embeddable":true,"href":"https:\/\/www.radioamigavallenar.cl\/index.php?rest_route=%2Fwp%2Fv2%2Fcategories&post=21333"},{"taxonomy":"post_tag","embeddable":true,"href":"https:\/\/www.radioamigavallenar.cl\/index.php?rest_route=%2Fwp%2Fv2%2Ftags&post=21333"}],"curies":[{"name":"wp","href":"https:\/\/api.w.org\/{rel}","templated":true}]}}