{"id":21323,"date":"2020-02-27T11:30:00","date_gmt":"2020-02-27T14:30:00","guid":{"rendered":"https:\/\/www.radioamigavallenar.cl\/?p=21323"},"modified":"2020-02-26T23:32:42","modified_gmt":"2020-02-27T02:32:42","slug":"fosis-apoya-el-plan-laboral-de-participantes-de-copiapo-y-tierra-amarilla","status":"publish","type":"post","link":"https:\/\/www.radioamigavallenar.cl\/?p=21323","title":{"rendered":"FOSIS apoya el plan laboral de participantes de Copiap\u00f3 y Tierra Amarilla"},"content":{"rendered":"\n<div class=\"wp-block-image\"><figure class=\"aligncenter size-large is-resized\"><img loading=\"lazy\" decoding=\"async\" src=\"https:\/\/www.radioamigavallenar.cl\/wp-content\/uploads\/2020\/02\/87953491_631310717428571_7598145279493144576_o.jpg\" alt=\"\" class=\"wp-image-21324\" width=\"531\" height=\"398\" srcset=\"https:\/\/www.radioamigavallenar.cl\/wp-content\/uploads\/2020\/02\/87953491_631310717428571_7598145279493144576_o.jpg 960w, https:\/\/www.radioamigavallenar.cl\/wp-content\/uploads\/2020\/02\/87953491_631310717428571_7598145279493144576_o-300x225.jpg 300w, https:\/\/www.radioamigavallenar.cl\/wp-content\/uploads\/2020\/02\/87953491_631310717428571_7598145279493144576_o-768x576.jpg 768w\" sizes=\"auto, (max-width: 531px) 100vw, 531px\" \/><\/figure><\/div>\n\n\n\n<p>Con el prop\u00f3sito de entregar oportunidades para que personas socialmente vulnerables puedan insertarse en el mundo del trabajo, el Gobierno a trav\u00e9s del Fondo de Solidaridad e Inversi\u00f3n Social (Fosis) implement\u00f3 el Programa Apoyo a Tu Plan Laboral, iniciativa que finaliz\u00f3 para 33 participantes de Copiap\u00f3 y Tierra Amarilla.<\/p>\n\n\n\n<p>Al respecto, el Seremi de Desarrollo Social y Familia, Luis Morales, se\u00f1al\u00f3 que \u201ca trav\u00e9s del Programa Apoyo a Tu Plan Laboral, el Gobierno del Presidente Pi\u00f1era est\u00e1 generando capacitaciones en oficios de todas las personas que quieran a trav\u00e9s de la v\u00eda dependiente contribuir a su desarrollo econ\u00f3mico\u201d.<\/p>\n\n\n\n<p>Por su parte, la Directora Regional del Fosis, Mar\u00eda Teresa Ca\u00f1as, explic\u00f3 que \u201cestamos encantados con poder entregar oportunidades para que las personas puedan salir adelante a trav\u00e9s del trabajo. Lo que hacemos con este programa es entregar apoyo para que fortalezcan su capacidad laboral, puedan acceder a un mejor empleo y en definitiva, eso se traduzca en una vida de mejor calidad junto a sus familias\u201d.<\/p>\n\n\n\n<p>En una actividad realizada en Copiap\u00f3, los usuarios y usuarias del Programa Apoyo a Tu Plan Laboral, que tuvo un costo de 19 millones de pesos, recibieron un merecido reconocimiento por parte de las autoridades.<\/p>\n\n\n\n<p>Pertenecer al Subsistema de Seguridades y Oportunidades (sistema de protecci\u00f3n social del Estado) es el principal requisito del Programa Apoyo a Tu Plan Laboral, que entrega asesor\u00eda y financiamiento de herramientas, insumos o cursos de capacitaci\u00f3n.<\/p>\n\n\n\n<p>Una de las participantes del programa fue Ruth Vigorena, quien opt\u00f3 por el financiamiento de un curso de reposter\u00eda, y que cuenta que ella sab\u00eda del tema, pero ahora aprendi\u00f3 c\u00f3mo realizar pasteler\u00eda de manera m\u00e1s profesional: \u201cpara m\u00ed fue genial esta oportunidad porque no se dan siempre. Yo hago pasteler\u00eda y trato siempre dar lo mejor de m\u00ed, y entregar todo lo que uno aprende y ejercerla. Es un apoyo para mis hijos tambi\u00e9n\u201d.<\/p>\n\n\n\n<p>Junto con felicitar a los usuarios y reafirmar el apoyo del Gobierno del Presidente Pi\u00f1era a las personas que m\u00e1s lo necesitan, la Directora Ca\u00f1as y el Seremi Morales entregaron importante informaci\u00f3n sobre el proceso de di\u00e1logos ciudadanos que est\u00e1 desarrollando el Gobierno y los distintos bonos sociales a los que puede acceder la ciudadan\u00eda, los requisitos para aquello y la forma de cobrarlos.<\/p>\n","protected":false},"excerpt":{"rendered":"<p>Con el prop\u00f3sito de entregar oportunidades para que personas socialmente vulnerables puedan insertarse en el mundo del trabajo, el Gobierno a trav\u00e9s del Fondo de&hellip; <\/p>\n","protected":false},"author":2,"featured_media":21324,"comment_status":"open","ping_status":"closed","sticky":false,"template":"","format":"standard","meta":{"footnotes":""},"categories":[7],"tags":[],"class_list":["post-21323","post","type-post","status-publish","format-standard","has-post-thumbnail","hentry","category-atacama"],"_links":{"self":[{"href":"https:\/\/www.radioamigavallenar.cl\/index.php?rest_route=\/wp\/v2\/posts\/21323","targetHints":{"allow":["GET"]}}],"collection":[{"href":"https:\/\/www.radioamigavallenar.cl\/index.php?rest_route=\/wp\/v2\/posts"}],"about":[{"href":"https:\/\/www.radioamigavallenar.cl\/index.php?rest_route=\/wp\/v2\/types\/post"}],"author":[{"embeddable":true,"href":"https:\/\/www.radioamigavallenar.cl\/index.php?rest_route=\/wp\/v2\/users\/2"}],"replies":[{"embeddable":true,"href":"https:\/\/www.radioamigavallenar.cl\/index.php?rest_route=%2Fwp%2Fv2%2Fcomments&post=21323"}],"version-history":[{"count":0,"href":"https:\/\/www.radioamigavallenar.cl\/index.php?rest_route=\/wp\/v2\/posts\/21323\/revisions"}],"wp:featuredmedia":[{"embeddable":true,"href":"https:\/\/www.radioamigavallenar.cl\/index.php?rest_route=\/wp\/v2\/media\/21324"}],"wp:attachment":[{"href":"https:\/\/www.radioamigavallenar.cl\/index.php?rest_route=%2Fwp%2Fv2%2Fmedia&parent=21323"}],"wp:term":[{"taxonomy":"category","embeddable":true,"href":"https:\/\/www.radioamigavallenar.cl\/index.php?rest_route=%2Fwp%2Fv2%2Fcategories&post=21323"},{"taxonomy":"post_tag","embeddable":true,"href":"https:\/\/www.radioamigavallenar.cl\/index.php?rest_route=%2Fwp%2Fv2%2Ftags&post=21323"}],"curies":[{"name":"wp","href":"https:\/\/api.w.org\/{rel}","templated":true}]}}