{"id":21290,"date":"2020-02-26T00:00:00","date_gmt":"2020-02-26T03:00:00","guid":{"rendered":"https:\/\/www.radioamigavallenar.cl\/?p=21290"},"modified":"2020-02-25T21:38:24","modified_gmt":"2020-02-26T00:38:24","slug":"seremi-de-gobierno-anuncia-avances-de-agenda-social-en-atacama-e-insta-a-mantener-dialogos","status":"publish","type":"post","link":"https:\/\/www.radioamigavallenar.cl\/?p=21290","title":{"rendered":"Seremi de Gobierno anuncia avances de Agenda Social en Atacama e insta a mantener di\u00e1logos"},"content":{"rendered":"\n<figure class=\"wp-block-image size-large\"><img loading=\"lazy\" decoding=\"async\" width=\"1024\" height=\"680\" src=\"https:\/\/www.radioamigavallenar.cl\/wp-content\/uploads\/2020\/02\/Agenda-Social-1024x680.jpg\" alt=\"\" class=\"wp-image-21291\" srcset=\"https:\/\/www.radioamigavallenar.cl\/wp-content\/uploads\/2020\/02\/Agenda-Social-1024x680.jpg 1024w, https:\/\/www.radioamigavallenar.cl\/wp-content\/uploads\/2020\/02\/Agenda-Social-300x199.jpg 300w, https:\/\/www.radioamigavallenar.cl\/wp-content\/uploads\/2020\/02\/Agenda-Social-768x510.jpg 768w, https:\/\/www.radioamigavallenar.cl\/wp-content\/uploads\/2020\/02\/Agenda-Social.jpg 1205w\" sizes=\"auto, (max-width: 1024px) 100vw, 1024px\" \/><\/figure>\n\n\n\n<p>Aumento a las Pensiones, precios de medicamentos, bono extraordinario, ingreso m\u00ednimo garantizado y apoyo concreto para adultos mayores, son algunas de las materias e iniciativas del Ejecutivo, que la Secretaria Regional Ministerial de Gobierno, Mar\u00eda Francisca Plaza Velis desgloso, analiz\u00f3 y explic\u00f3 durante la jornada. &nbsp;<\/p>\n\n\n\n<p>En el marco de las demandas y solicitudes de la ciudadan\u00eda, arrastradas por d\u00e9cadas, en relaci\u00f3n a las bajas pensiones, calidad y costo de la vida, por nombrar algunos ejemplos, la autoridad fue enf\u00e1tica en manifestar que \u201cnuestro Presidente Sebasti\u00e1n Pi\u00f1era, adem\u00e1s de escuchar con humildad los requerimientos y necesidades de las personas, analiz\u00f3 y formul\u00f3 propuestas, por cierto informando en el corto plazo las primeras iniciativas de la Nueva Agenda Social, destinando cerca de US$5.000 millones para aliviar el costo de vida de los chilenos; incrementar los ingresos de las familias y avanzar hacia un Chile m\u00e1s justo y equitativo. No podemos bajar los brazos y con m\u00e1s fuerza debemos priorizar el di\u00e1logo. La Violencia jam\u00e1s da resultados positivos. La \u00fanica f\u00f3rmula para lograr acuerdo y a su vez, avances, es a trav\u00e9s de la conversaci\u00f3n, el an\u00e1lisis y el trabajo\u201d.&nbsp;&nbsp;<\/p>\n\n\n\n<p><strong>Aumento a las Pensiones&nbsp;<\/strong><\/p>\n\n\n\n<p>En materia de pensiones, Plaza Velis argument\u00f3 que \u201cse han hechos todos los esfuerzos y se logr\u00f3 dar un paso importante para mejorar las pensiones de los m\u00e1s vulnerables. En la regi\u00f3n de Atacama son 23.335 los adultos mayores que acceden a esta mejora. Con la promulgaci\u00f3n de la Ley Corta de pensiones (Ley N\u00b0 21.190), el Gobierno logra mejorar las pensiones de los beneficiarios del Pilar Solidario, permitiendo que a los mayores de 80 a\u00f1os recibir aporte de $55.100 a partir de diciembre 2019 y de forma gradual en 24 meses a los menores de 80\u201d.&nbsp;&nbsp;<\/p>\n\n\n\n<p>\u201cAdem\u00e1s es importante informar que se est\u00e1n realizando todos los esfuerzos para mejorarlas pensiones de la clase media. El proyecto est\u00e1 tramitaci\u00f3n y busca aumentaren 6 puntos porcentuales (pp) la cotizaci\u00f3n con cargo al empleador para fortalecer el pilar contributivo aumentando el ahorro individual con 3 pp; financiar un nuevo seguro de dependencia severa con 0,2 pp y crear un nuevo programa de ahorro colectivo solidario con 2,8pp.&nbsp; En cuanto se apruebe la ley, el ahorro colectivo solidario permitir\u00e1 subir las pensiones de la clase media en 2UF ($56mil) para los hombres que cotizaron al menos 12 a\u00f1os, y en 2,7UF ($76 mil) para mujeres que cotizaron al menos 8 a\u00f1os\u201d, agreg\u00f3 la Secretaria Regional Ministerial.&nbsp;&nbsp;<\/p>\n\n\n\n<p><strong>$ Medicamentos<\/strong>&nbsp;&nbsp;<\/p>\n\n\n\n<p>En el marco de la Pol\u00edtica Nacional de Medicamentos se destacan dos avances concretos, dijo la Seremi de Gobierno: \u201cEl primero tiene que ver con la intermediaci\u00f3n de la Cenabast. La ley ya promulgada (N\u00b0 21.198) autoriza la intermediaci\u00f3n de medicamentos por parte de la Central de Abastecimiento del Sistema Nacional de Servicios de Salud (Cenabast) a almacenes farmac\u00e9uticos y farmacias privadas. Conesto Cenabast licitar\u00e1 medicamentos entre los laboratorios y los pondr\u00e1 a disposici\u00f3n de farmacias privadas y almacenes farmac\u00e9uticos, fijando precio m\u00e1ximo de venta al p\u00fablico, as\u00ed reduciendo el precio de los medicamentos\u201d.&nbsp;<\/p>\n\n\n\n<p>El otro avance concreto en esta materia, es el Convenio de Fonasa y las farmacias. La autoridad explic\u00f3 que \u201ccon esto, los afiliados podr\u00e1n adquirir medicamentos con descuentos en farmacias que ganen la licitaci\u00f3n\u201d. Se estima que los precios bajar\u00e1n en promedio un 28% para los 243.857 usuarios de Fonasa en la regi\u00f3n de Atacama\u00bb.&nbsp;<\/p>\n\n\n\n<p><strong>Bono Extraordinario e Ingreso M\u00ednimo Garantizado<\/strong>&nbsp;&nbsp;<\/p>\n\n\n\n<p>La Seremi de Gobierno sostuvo que un apoyo concreto enmarcado en la Nueva Agenda Social y en el corto plazo, es el bono extraordinario para los m\u00e1s vulnerables, equivalente a $50.000 por cada carga familiar. \u201c17.445 familias de la regi\u00f3n de Atacama recibieron este apoyo. Si consideramos el complejo momento que vivi\u00f3 el pa\u00eds a fines del a\u00f1o pasado, esto viene a reafirmar el compromiso del Gobierno, ya que alivia el costo de vida delas familias en momentos complejos del pa\u00eds, a la vez generando liquidez que mueve la econom\u00eda. Es un granito de arena que se va a sumar a nuevos avances en el presente a\u00f1o\u201d, aclar\u00f3 la vocera regional del Gobierno.&nbsp;&nbsp; &nbsp;<\/p>\n\n\n\n<p>Por otra parte, Plaza Velis precis\u00f3 respecto al Ingreso M\u00ednimo Garantizado que este es un proyecto de Ley impulsado por el Presidente Sebasti\u00e1n Pi\u00f1era y que espera su pronto despacho. \u201cPermitir\u00e1 incrementar, en forma inmediata y sin afectar el empleo, el ingreso m\u00ednimo que reciben cerca de 670 mil trabajadores en el pa\u00eds y beneficiar\u00e1 a cerca de 8.500 personas de la regi\u00f3n\u201d. Se trata de un aporte directo del Estado a trabajadores de jornada completa que reciben un salario menor a $384.363 brutos, para que su ingreso l\u00edquido alcance al menos los $300 mil.&nbsp;&nbsp;<\/p>\n\n\n\n<p><strong>Rebaja en tarifa de transportes y menores contribuciones para adultos mayores &nbsp;<\/strong><\/p>\n\n\n\n<p>\u201cEn la regi\u00f3n de Atacama 28.110 personas (adultos mayores) tendr\u00e1n una rebaja en la tarifa del transporte\u201d, sostuvo la autoridad. En t\u00e9rmino concretos, se trata de una reducci\u00f3n a la mitad (50%) en la tarifa del transporte para mayores de 65 a\u00f1os. &nbsp;<\/p>\n\n\n\n<p>La Seremi agreg\u00f3 que eso no es todo, porque tambi\u00e9n \u201cestamos trabajando en generar menores contribuciones para los adultos mayores\u201d. La medida es parte de la Modernizaci\u00f3n Tributaria que se encuentra a punto de ser ley de la Rep\u00fablica. Gracias a esta iniciativa se beneficiar\u00e1 a 56 mil adultos mayores en todo el pa\u00eds. Quedar\u00e1n exentos del pago de contribuciones los adultos mayores con ingresos brutos mensuales inferiores a $655 mil y cuyos bienes ra\u00edces no sumen m\u00e1s de $171 millones de aval\u00fao fiscal, y que una de dichas propiedades no sea superior a $128 millones de aval\u00fao fiscal.&nbsp;Adem\u00e1s, se les rebajar\u00e1 en un 50% las contribuciones a los adultos mayores con ingresos inferiores a $1,5 millones y cuyos bienes ra\u00edces no sumen m\u00e1s de $171 millones de aval\u00fao fiscal, y que una de dichas propiedades no sea superior a $128 millones de aval\u00fao fiscal.&nbsp;&nbsp;<\/p>\n","protected":false},"excerpt":{"rendered":"<p>Aumento a las Pensiones, precios de medicamentos, bono extraordinario, ingreso m\u00ednimo garantizado y apoyo concreto para adultos mayores, son algunas de las materias e iniciativas&hellip; <\/p>\n","protected":false},"author":2,"featured_media":21291,"comment_status":"open","ping_status":"closed","sticky":false,"template":"","format":"standard","meta":{"footnotes":""},"categories":[7],"tags":[],"class_list":["post-21290","post","type-post","status-publish","format-standard","has-post-thumbnail","hentry","category-atacama"],"_links":{"self":[{"href":"https:\/\/www.radioamigavallenar.cl\/index.php?rest_route=\/wp\/v2\/posts\/21290","targetHints":{"allow":["GET"]}}],"collection":[{"href":"https:\/\/www.radioamigavallenar.cl\/index.php?rest_route=\/wp\/v2\/posts"}],"about":[{"href":"https:\/\/www.radioamigavallenar.cl\/index.php?rest_route=\/wp\/v2\/types\/post"}],"author":[{"embeddable":true,"href":"https:\/\/www.radioamigavallenar.cl\/index.php?rest_route=\/wp\/v2\/users\/2"}],"replies":[{"embeddable":true,"href":"https:\/\/www.radioamigavallenar.cl\/index.php?rest_route=%2Fwp%2Fv2%2Fcomments&post=21290"}],"version-history":[{"count":0,"href":"https:\/\/www.radioamigavallenar.cl\/index.php?rest_route=\/wp\/v2\/posts\/21290\/revisions"}],"wp:featuredmedia":[{"embeddable":true,"href":"https:\/\/www.radioamigavallenar.cl\/index.php?rest_route=\/wp\/v2\/media\/21291"}],"wp:attachment":[{"href":"https:\/\/www.radioamigavallenar.cl\/index.php?rest_route=%2Fwp%2Fv2%2Fmedia&parent=21290"}],"wp:term":[{"taxonomy":"category","embeddable":true,"href":"https:\/\/www.radioamigavallenar.cl\/index.php?rest_route=%2Fwp%2Fv2%2Fcategories&post=21290"},{"taxonomy":"post_tag","embeddable":true,"href":"https:\/\/www.radioamigavallenar.cl\/index.php?rest_route=%2Fwp%2Fv2%2Ftags&post=21290"}],"curies":[{"name":"wp","href":"https:\/\/api.w.org\/{rel}","templated":true}]}}