{"id":21284,"date":"2020-02-26T00:00:00","date_gmt":"2020-02-26T03:00:00","guid":{"rendered":"https:\/\/www.radioamigavallenar.cl\/?p=21284"},"modified":"2020-02-25T20:52:02","modified_gmt":"2020-02-25T23:52:02","slug":"diputado-noman-destaca-presentacion-de-proyecto-de-ley-para-garantizar-la-educacion-de-personas-hospitalizadas-por-largos-periodos","status":"publish","type":"post","link":"https:\/\/www.radioamigavallenar.cl\/?p=21284","title":{"rendered":"Diputado Noman destaca presentaci\u00f3n de proyecto de ley para garantizar la educaci\u00f3n de personas hospitalizadas por largos periodos"},"content":{"rendered":"\n<div class=\"wp-block-image\"><figure class=\"aligncenter size-large\"><img loading=\"lazy\" decoding=\"async\" width=\"1024\" height=\"694\" src=\"https:\/\/www.radioamigavallenar.cl\/wp-content\/uploads\/2020\/02\/PHOTO-2020-01-29-14-03-19-1-1024x694.jpg\" alt=\"\" class=\"wp-image-21285\" srcset=\"https:\/\/www.radioamigavallenar.cl\/wp-content\/uploads\/2020\/02\/PHOTO-2020-01-29-14-03-19-1-1024x694.jpg 1024w, https:\/\/www.radioamigavallenar.cl\/wp-content\/uploads\/2020\/02\/PHOTO-2020-01-29-14-03-19-1-300x203.jpg 300w, https:\/\/www.radioamigavallenar.cl\/wp-content\/uploads\/2020\/02\/PHOTO-2020-01-29-14-03-19-1-768x520.jpg 768w, https:\/\/www.radioamigavallenar.cl\/wp-content\/uploads\/2020\/02\/PHOTO-2020-01-29-14-03-19-1.jpg 1280w\" sizes=\"auto, (max-width: 1024px) 100vw, 1024px\" \/><\/figure><\/div>\n\n\n\n<p>Garantizar la correcta educaci\u00f3n de ni\u00f1os, ni\u00f1as y adolescentes que se encuentren hospitalizados o bajo tratamiento m\u00e9dico por largos periodos de tiempo, es el objetivo del proyecto de ley apoyado por el diputado Nicol\u00e1s Noman que modifica la Ley General de Educaci\u00f3n para consagrar como principio de acci\u00f3n estatal la ense\u00f1anza a trav\u00e9s del sistema de Aula Hospitalaria.<\/p>\n\n\n\n<p>\u201cLa importancia de las Aulas Hospitalarias no s\u00f3lo radica en el proceso educativo por s\u00ed mismo, sino tambi\u00e9n en el rol que cumplen los docentes, quienes no se limitan \u00fanicamente a ense\u00f1ar, tambi\u00e9n son factor fundamental en la recuperaci\u00f3n de los pacientes\u201d, dijo.<\/p>\n\n\n\n<p>Al respecto, el legislador explic\u00f3 que \u201cen Chile hay algunos recintos que poseen y promueven este m\u00e9todo, pero tambi\u00e9n es cierto que hay muchos que no. Por lo que se hace necesario incorporar instancias que nos permitan asegurar el derecho a la educaci\u00f3n de las personas que se encuentran internadas en centros hospitalarios\u201d.<\/p>\n\n\n\n<p>\u201cEn nuestro pa\u00eds existen cerca de 47 escuelas hospitalarias reconocidas por MINEDUC, tanto en el sector p\u00fablico como privado, la mayor\u00eda de \u00e9stas impulsadas por organizaciones no gubernamentales (ONG). Sin embargo, se hace necesario extender esta modalidad de ense\u00f1anza a todo el pa\u00eds y que sea el Estado el principal responsable de garantizar su correcta implementaci\u00f3n\u201d, cerr\u00f3 el diputado Nicol\u00e1s Noman.<\/p>\n","protected":false},"excerpt":{"rendered":"<p>Garantizar la correcta educaci\u00f3n de ni\u00f1os, ni\u00f1as y adolescentes que se encuentren hospitalizados o bajo tratamiento m\u00e9dico por largos periodos de tiempo, es el objetivo&hellip; <\/p>\n","protected":false},"author":2,"featured_media":21285,"comment_status":"open","ping_status":"closed","sticky":false,"template":"","format":"standard","meta":{"footnotes":""},"categories":[7],"tags":[],"class_list":["post-21284","post","type-post","status-publish","format-standard","has-post-thumbnail","hentry","category-atacama"],"_links":{"self":[{"href":"https:\/\/www.radioamigavallenar.cl\/index.php?rest_route=\/wp\/v2\/posts\/21284","targetHints":{"allow":["GET"]}}],"collection":[{"href":"https:\/\/www.radioamigavallenar.cl\/index.php?rest_route=\/wp\/v2\/posts"}],"about":[{"href":"https:\/\/www.radioamigavallenar.cl\/index.php?rest_route=\/wp\/v2\/types\/post"}],"author":[{"embeddable":true,"href":"https:\/\/www.radioamigavallenar.cl\/index.php?rest_route=\/wp\/v2\/users\/2"}],"replies":[{"embeddable":true,"href":"https:\/\/www.radioamigavallenar.cl\/index.php?rest_route=%2Fwp%2Fv2%2Fcomments&post=21284"}],"version-history":[{"count":0,"href":"https:\/\/www.radioamigavallenar.cl\/index.php?rest_route=\/wp\/v2\/posts\/21284\/revisions"}],"wp:featuredmedia":[{"embeddable":true,"href":"https:\/\/www.radioamigavallenar.cl\/index.php?rest_route=\/wp\/v2\/media\/21285"}],"wp:attachment":[{"href":"https:\/\/www.radioamigavallenar.cl\/index.php?rest_route=%2Fwp%2Fv2%2Fmedia&parent=21284"}],"wp:term":[{"taxonomy":"category","embeddable":true,"href":"https:\/\/www.radioamigavallenar.cl\/index.php?rest_route=%2Fwp%2Fv2%2Fcategories&post=21284"},{"taxonomy":"post_tag","embeddable":true,"href":"https:\/\/www.radioamigavallenar.cl\/index.php?rest_route=%2Fwp%2Fv2%2Ftags&post=21284"}],"curies":[{"name":"wp","href":"https:\/\/api.w.org\/{rel}","templated":true}]}}