{"id":21279,"date":"2020-02-25T12:39:34","date_gmt":"2020-02-25T15:39:34","guid":{"rendered":"https:\/\/www.radioamigavallenar.cl\/?p=21279"},"modified":"2020-02-25T12:39:36","modified_gmt":"2020-02-25T15:39:36","slug":"presidente-pinera-destaca-promulgacion-de-la-modernizacion-tributaria-que-impulsa-el-crecimiento-economico-con-equidad","status":"publish","type":"post","link":"https:\/\/www.radioamigavallenar.cl\/?p=21279","title":{"rendered":"Presidente Pi\u00f1era destaca promulgaci\u00f3n de la Modernizaci\u00f3n Tributaria que impulsa el crecimiento econ\u00f3mico con equidad:"},"content":{"rendered":"\n<div class=\"wp-block-image\"><figure class=\"aligncenter size-large\"><img loading=\"lazy\" decoding=\"async\" width=\"646\" height=\"431\" src=\"https:\/\/www.radioamigavallenar.cl\/wp-content\/uploads\/2020\/02\/srq1702_655x432.png\" alt=\"\" class=\"wp-image-21281\" srcset=\"https:\/\/www.radioamigavallenar.cl\/wp-content\/uploads\/2020\/02\/srq1702_655x432.png 646w, https:\/\/www.radioamigavallenar.cl\/wp-content\/uploads\/2020\/02\/srq1702_655x432-300x200.png 300w\" sizes=\"auto, (max-width: 646px) 100vw, 646px\" \/><\/figure><\/div>\n\n\n\n<h4 class=\"wp-block-heading\">El Mandatario destac\u00f3 que la ley favorece el crecimiento, la inversi\u00f3n y el empleo. La iniciativa, que aumentar\u00e1 la recaudaci\u00f3n tributaria en US$2.200 millones, ofrece beneficios especiales para peque\u00f1as y medianas empresas y para adultos mayores.<\/h4>\n\n\n\n<p>El Presidente Sebasti\u00e1n Pi\u00f1era valor\u00f3 este martes la promulgaci\u00f3n de la Ley de Modernizaci\u00f3n Tributaria, que promueve y financia una nueva agenda social, manteniendo el foco en el emprendimiento, el crecimiento, el apoyo a los adultos mayores y el desarrollo de las pymes.&nbsp;<br><br>\u201cChile necesita, hoy d\u00eda m\u00e1s que nunca, mantener vivo este esp\u00edritu de di\u00e1logo, de colaboraci\u00f3n y de acuerdo\u201d, dijo el Mandatario en un acto en el que estuvo acompa\u00f1ado por la Primera Dama, Cecilia Morel y los ministros de Hacienda, Econom\u00eda, Secretar\u00eda General de la Presidencia, Desarrollo Social, Trabajo, Ciencia y Agricultura.<br><br>En su conjunto, la Modernizaci\u00f3n Tributaria proyecta una mayor recaudaci\u00f3n de US$2.200 millones, equivalentes a un 0,6% del PIB, requiriendo el aporte de los chilenos de mayores ingresos.&nbsp;<br><br>El proyecto establece un r\u00e9gimen 100% integrado para las pymes, con una tasa reducida de impuesto de primera categor\u00eda de 25% y que aplicar\u00e1 de forma autom\u00e1tica para las empresas con un promedio anual de ingresos en los \u00faltimos tres a\u00f1os que no exceda las 75.000 UF.&nbsp;<br><br>\u201cEstablece un r\u00e9gimen que es favorable, que motiva, que estimula el crecimiento y el desarrollo de las micro, peque\u00f1as y medianas empresas, lo que va a beneficiar a m\u00e1s de 1 mill\u00f3n de mipymes en nuestro pa\u00eds\u201d, se\u00f1al\u00f3 el Jefe de Estado.<br><br>Adem\u00e1s, se establece un r\u00e9gimen opcional de transparencia tributaria en caso que los propietarios de las pymes sean personas naturales. En este caso, la empresa quedar\u00e1 liberada de impuestos y sus due\u00f1os pagar\u00e1n directamente su impuesto personal por las rentas de la empresa.<br><br>Adem\u00e1s, se simplifica el sistema de tributaci\u00f3n con un \u00fanico sistema semiintegrado para las grandes empresas con una tasa impositiva del 27%.&nbsp;<br><br>La ley exime del pago de contribuciones de bienes ra\u00edces a adultos mayores si su ingreso equivale a unos $650 mil mensuales y reduce las contribuciones en 50% si los ingresos equivalen a un monto cercano a $1,5 millones mensuales.<br><br>\u201cEsta Modernizaci\u00f3n Tributaria cumple cuatro objetivos: favorecer el crecimiento, la inversi\u00f3n y el empleo, darle m\u00e1s certeza jur\u00eddica y simplicidad a nuestro Sistema Tributario, beneficiar a los sectores m\u00e1s postergados y tambi\u00e9n pedirles un esfuerzo y un aporte adicional a los sectores m\u00e1s favorecidos\u201d, valor\u00f3 el Presidente Pi\u00f1era.<br><br>A esto se suma que se aplicar\u00e1n medidas de recaudaci\u00f3n progresiva para que los contribuyentes de mayores ingresos aporten m\u00e1s recursos. Se crea un nuevo tramo del Impuesto Global Complementario (IGC) de tasa 40% para ingresos mensuales sobre $15 millones y se aplicar\u00e1 una sobretasa de contribuciones al patrimonio inmobiliario cuya suma de aval\u00fao fiscal total exceda de $400 millones.&nbsp;<br><br>Tambi\u00e9n se incorpora la contribuci\u00f3n regional de un 1% aplicable a los proyectos nuevos de inversi\u00f3n que excedan de US$10 millones y que deban pasar por el Sistema de Evaluaci\u00f3n de Impacto Ambiental.<br><br>\u201cTenemos un Sistema Tributario que es mucho m\u00e1s pro inversi\u00f3n, pro innovaci\u00f3n y pro emprendimiento\u201d, destac\u00f3 el Jefe de Estado.<br><br>La ley crea la Defensor\u00eda del Contribuyente (DEDECON), que tendr\u00e1 el deber de velar por la protecci\u00f3n y resguardo de los derechos del contribuyente, en especial las pymes y las personas m\u00e1s vulnerables, pudiendo representar a estos contribuyentes ante el Servicio de Impuestos Internos (SII), orientarlos, mediar en los conflictos con el SII, emitir opiniones t\u00e9cnicas dentro de su competencia y realizar estudios para sus fines.<\/p>\n","protected":false},"excerpt":{"rendered":"<p>El Mandatario destac\u00f3 que la ley favorece el crecimiento, la inversi\u00f3n y el empleo. La iniciativa, que aumentar\u00e1 la recaudaci\u00f3n tributaria en US$2.200 millones, ofrece&hellip; <\/p>\n","protected":false},"author":2,"featured_media":21281,"comment_status":"open","ping_status":"closed","sticky":false,"template":"","format":"standard","meta":{"footnotes":""},"categories":[37],"tags":[],"class_list":["post-21279","post","type-post","status-publish","format-standard","has-post-thumbnail","hentry","category-nacional"],"_links":{"self":[{"href":"https:\/\/www.radioamigavallenar.cl\/index.php?rest_route=\/wp\/v2\/posts\/21279","targetHints":{"allow":["GET"]}}],"collection":[{"href":"https:\/\/www.radioamigavallenar.cl\/index.php?rest_route=\/wp\/v2\/posts"}],"about":[{"href":"https:\/\/www.radioamigavallenar.cl\/index.php?rest_route=\/wp\/v2\/types\/post"}],"author":[{"embeddable":true,"href":"https:\/\/www.radioamigavallenar.cl\/index.php?rest_route=\/wp\/v2\/users\/2"}],"replies":[{"embeddable":true,"href":"https:\/\/www.radioamigavallenar.cl\/index.php?rest_route=%2Fwp%2Fv2%2Fcomments&post=21279"}],"version-history":[{"count":0,"href":"https:\/\/www.radioamigavallenar.cl\/index.php?rest_route=\/wp\/v2\/posts\/21279\/revisions"}],"wp:featuredmedia":[{"embeddable":true,"href":"https:\/\/www.radioamigavallenar.cl\/index.php?rest_route=\/wp\/v2\/media\/21281"}],"wp:attachment":[{"href":"https:\/\/www.radioamigavallenar.cl\/index.php?rest_route=%2Fwp%2Fv2%2Fmedia&parent=21279"}],"wp:term":[{"taxonomy":"category","embeddable":true,"href":"https:\/\/www.radioamigavallenar.cl\/index.php?rest_route=%2Fwp%2Fv2%2Fcategories&post=21279"},{"taxonomy":"post_tag","embeddable":true,"href":"https:\/\/www.radioamigavallenar.cl\/index.php?rest_route=%2Fwp%2Fv2%2Ftags&post=21279"}],"curies":[{"name":"wp","href":"https:\/\/api.w.org\/{rel}","templated":true}]}}