{"id":21276,"date":"2020-02-25T11:20:44","date_gmt":"2020-02-25T14:20:44","guid":{"rendered":"https:\/\/www.radioamigavallenar.cl\/?p=21276"},"modified":"2020-02-25T13:13:57","modified_gmt":"2020-02-25T16:13:57","slug":"rograma-verano-activo-del-mindep-ind-beneficio-a-5-mil-atacamenos-con-actividades-deportivas","status":"publish","type":"post","link":"https:\/\/www.radioamigavallenar.cl\/?p=21276","title":{"rendered":"programa verano activo del mindep-ind benefici\u00f3 a 5 mil atacame\u00f1os con actividades deportivas"},"content":{"rendered":"\n<div class=\"wp-block-image\"><figure class=\"aligncenter size-large is-resized\"><img loading=\"lazy\" decoding=\"async\" src=\"https:\/\/www.radioamigavallenar.cl\/wp-content\/uploads\/2020\/02\/IMG-20200224-WA0021.jpg\" alt=\"\" class=\"wp-image-21277\" width=\"557\" height=\"418\" srcset=\"https:\/\/www.radioamigavallenar.cl\/wp-content\/uploads\/2020\/02\/IMG-20200224-WA0021.jpg 1024w, https:\/\/www.radioamigavallenar.cl\/wp-content\/uploads\/2020\/02\/IMG-20200224-WA0021-300x225.jpg 300w, https:\/\/www.radioamigavallenar.cl\/wp-content\/uploads\/2020\/02\/IMG-20200224-WA0021-768x576.jpg 768w\" sizes=\"auto, (max-width: 557px) 100vw, 557px\" \/><\/figure><\/div>\n\n\n\n<p>En la Playa Grande de Huasco, el Ministerio del Deporte e IND, realizaron este s\u00e1bado el cierre del programa \u00abVerano Activo\u00bb que en esta \u00e9poca estival benefici\u00f3 a unas 5 mil personas, entre ni\u00f1os y adultos, quienes disfrutaron del programa formativo&nbsp;<a href=\"https:\/\/www.facebook.com\/hashtag\/crecerenmovimiento?source=feed_text&amp;epa=HASHTAG&amp;__xts__%5B0%5D=68.ARA_RFbY4uYY4qQRJ64Lyr2_jp7ZpmHpi5uSdswGN6oASeBzoXh5_IKKv85osQaqcN0vs3O8JKNS3s_lXCrh8B9LCdPGaL_MdkkOYeCC6ZBQl_SL3v6y5-C5xX7HhLj903uYfbbZChplmLqNGEC-rA7Tbfh7Rn_9w63bXkYm_xTAMK_ocdEZ7GAPafchgCKalJX4YNeS3q9iSrWnnPgNHE3odZpC8mRTKmuoZb6mQIQ1KbdjuYb5wu8X4yn4vgfIFGNpbFLDitS2-aYsEKw-LO2jknqH2iZD3HoZuyIgB5HZ3DyIymFZal8-omTeWUbpvP2rplgW5VgnPCxnNe5ZzpbLiQ&amp;__tn__=%2ANK-R\" target=\"_blank\" rel=\"noreferrer noopener\">#CrecerEnMovimiento<\/a>&nbsp;con\u201cSeguridad en el Agua\u201d, adem\u00e1s de la zumba, f\u00fatbol, v\u00f3leibol y tenis playa, del \u00e1rea de participaci\u00f3n social,&nbsp;<a href=\"https:\/\/www.facebook.com\/hashtag\/chilesemueve?source=feed_text&amp;epa=HASHTAG&amp;__xts__%5B0%5D=68.ARA_RFbY4uYY4qQRJ64Lyr2_jp7ZpmHpi5uSdswGN6oASeBzoXh5_IKKv85osQaqcN0vs3O8JKNS3s_lXCrh8B9LCdPGaL_MdkkOYeCC6ZBQl_SL3v6y5-C5xX7HhLj903uYfbbZChplmLqNGEC-rA7Tbfh7Rn_9w63bXkYm_xTAMK_ocdEZ7GAPafchgCKalJX4YNeS3q9iSrWnnPgNHE3odZpC8mRTKmuoZb6mQIQ1KbdjuYb5wu8X4yn4vgfIFGNpbFLDitS2-aYsEKw-LO2jknqH2iZD3HoZuyIgB5HZ3DyIymFZal8-omTeWUbpvP2rplgW5VgnPCxnNe5ZzpbLiQ&amp;__tn__=%2ANK-R\" target=\"_blank\" rel=\"noreferrer noopener\">#ChileSeMueve<\/a>.<\/p>\n\n\n\n<p>El Seremi del Deporte Guillermo Procuriza, comparti\u00f3 con las veraneantes en esta \u00faltima jornada, realizada en paralelo en los balnearios de Flamenco en Cha\u00f1aral y de Bah\u00eda Inglesa en Caldera, y agradeci\u00f3 a toda la comunidad atacame\u00f1a por sumarse a vivir un \u201cVerano Activo\u201d: \u201cComo Gobierno del Presidente Sebasti\u00e1n Pi\u00f1era estamos muy contentos por la respuesta de la comunidad que se sum\u00f3 a todas estas actividades que organizamos con la colaboraci\u00f3n de los municipios. Aprovecho de hacer la invitaci\u00f3n para que todos los atacame\u00f1os y atacame\u00f1os sean parte de los talleres y eventos gratuitos que tenemos para este a\u00f1o, y as\u00ed mejoren su calidad de vida a trav\u00e9s de la actividad f\u00edsica y el deporte\u00bb.<\/p>\n\n\n\n<p>Guillermo Procuriza felicit\u00f3 a todos quienes se sumaron este verano a&nbsp;<a href=\"https:\/\/www.facebook.com\/EligeVivirSano\/?__tn__=K-R&amp;eid=ARCvdnhXCct_4kecjOnbgHCBhyDD4Ahb4Nro1mKZhhPaLGslHx9xMM_uFT8kj-lEoYcEpQU8OhpgMRwX&amp;fref=mentions&amp;__xts__%5B0%5D=68.ARA_RFbY4uYY4qQRJ64Lyr2_jp7ZpmHpi5uSdswGN6oASeBzoXh5_IKKv85osQaqcN0vs3O8JKNS3s_lXCrh8B9LCdPGaL_MdkkOYeCC6ZBQl_SL3v6y5-C5xX7HhLj903uYfbbZChplmLqNGEC-rA7Tbfh7Rn_9w63bXkYm_xTAMK_ocdEZ7GAPafchgCKalJX4YNeS3q9iSrWnnPgNHE3odZpC8mRTKmuoZb6mQIQ1KbdjuYb5wu8X4yn4vgfIFGNpbFLDitS2-aYsEKw-LO2jknqH2iZD3HoZuyIgB5HZ3DyIymFZal8-omTeWUbpvP2rplgW5VgnPCxnNe5ZzpbLiQ\" target=\"_blank\" rel=\"noreferrer noopener\">Elige Vivir Sano<\/a>&nbsp;y disfrutaron de la actividad f\u00edsica, la vida al aire libre y una alimentaci\u00f3n sana.<\/p>\n","protected":false},"excerpt":{"rendered":"<p>En la Playa Grande de Huasco, el Ministerio del Deporte e IND, realizaron este s\u00e1bado el cierre del programa \u00abVerano Activo\u00bb que en esta \u00e9poca&hellip; <\/p>\n","protected":false},"author":2,"featured_media":21277,"comment_status":"open","ping_status":"closed","sticky":false,"template":"","format":"standard","meta":{"footnotes":""},"categories":[8,4,1],"tags":[],"class_list":["post-21276","post","type-post","status-publish","format-standard","has-post-thumbnail","hentry","category-deportes","category-huasco","category-provincia-del-huasco-2"],"_links":{"self":[{"href":"https:\/\/www.radioamigavallenar.cl\/index.php?rest_route=\/wp\/v2\/posts\/21276","targetHints":{"allow":["GET"]}}],"collection":[{"href":"https:\/\/www.radioamigavallenar.cl\/index.php?rest_route=\/wp\/v2\/posts"}],"about":[{"href":"https:\/\/www.radioamigavallenar.cl\/index.php?rest_route=\/wp\/v2\/types\/post"}],"author":[{"embeddable":true,"href":"https:\/\/www.radioamigavallenar.cl\/index.php?rest_route=\/wp\/v2\/users\/2"}],"replies":[{"embeddable":true,"href":"https:\/\/www.radioamigavallenar.cl\/index.php?rest_route=%2Fwp%2Fv2%2Fcomments&post=21276"}],"version-history":[{"count":0,"href":"https:\/\/www.radioamigavallenar.cl\/index.php?rest_route=\/wp\/v2\/posts\/21276\/revisions"}],"wp:featuredmedia":[{"embeddable":true,"href":"https:\/\/www.radioamigavallenar.cl\/index.php?rest_route=\/wp\/v2\/media\/21277"}],"wp:attachment":[{"href":"https:\/\/www.radioamigavallenar.cl\/index.php?rest_route=%2Fwp%2Fv2%2Fmedia&parent=21276"}],"wp:term":[{"taxonomy":"category","embeddable":true,"href":"https:\/\/www.radioamigavallenar.cl\/index.php?rest_route=%2Fwp%2Fv2%2Fcategories&post=21276"},{"taxonomy":"post_tag","embeddable":true,"href":"https:\/\/www.radioamigavallenar.cl\/index.php?rest_route=%2Fwp%2Fv2%2Ftags&post=21276"}],"curies":[{"name":"wp","href":"https:\/\/api.w.org\/{rel}","templated":true}]}}